{"id":10747,"date":"2024-04-05T10:40:21","date_gmt":"2024-04-05T10:40:21","guid":{"rendered":"https:\/\/www.wearensn.com\/the-former-footballer-and-coordinator-of-the-football-area-at-barca-bojan-krkic-publishes-his-book-controlar-lo-incontrolable-alongside-nsn\/"},"modified":"2024-04-05T10:41:07","modified_gmt":"2024-04-05T10:41:07","slug":"the-former-footballer-and-coordinator-of-the-football-area-at-barca-bojan-krkic-publishes-his-book-controlar-lo-incontrolable-alongside-nsn","status":"publish","type":"post","link":"https:\/\/www.wearensn.com\/ja\/the-former-footballer-and-coordinator-of-the-football-area-at-barca-bojan-krkic-publishes-his-book-controlar-lo-incontrolable-alongside-nsn\/","title":{"rendered":"The former footballer and coordinator of the football area at Bar\u00e7a, Bojan Krki\u0107, publishes his book &#8216;Controlar lo incontrolable&#8217; alongside NSN"},"content":{"rendered":"\n<p><em>Bojan Krki\u0107, former FC Barcelona player and current Coordinator of the Football Department of the club, tells all his experience in a publication where mental health becomes the protagonist. <\/em><\/p>\n\n<p>In NSN we are celebrating because the book of our friend and former footballer, Bojan Krki\u0107, is now on sale, in which we have been involved. &#8216;Controlar lo incontrolable&#8217; is now available in all bookstores with Alienta Editorial in Spanish and Columna Edicions in Catalan. In this book we get to know the real Bojan, a young man who joined one of the biggest clubs in history when he was only 16 years old. Bar\u00e7a was his dream, but it ended up becoming something unattainable, as the pressure and demands were too much for him. <\/p>\n\n<figure class=\"wp-block-image size-full\"><img fetchpriority=\"high\" decoding=\"async\" width=\"866\" height=\"626\" src=\"https:\/\/www.wearensn.com\/wp-content\/uploads\/2024\/04\/240405_Bojan-Book-Pres_IMG-1.jpg\" alt=\"\" class=\"wp-image-10737\" srcset=\"https:\/\/www.wearensn.com\/wp-content\/uploads\/2024\/04\/240405_Bojan-Book-Pres_IMG-1.jpg 866w, https:\/\/www.wearensn.com\/wp-content\/uploads\/2024\/04\/240405_Bojan-Book-Pres_IMG-1-300x217.jpg 300w, https:\/\/www.wearensn.com\/wp-content\/uploads\/2024\/04\/240405_Bojan-Book-Pres_IMG-1-768x555.jpg 768w\" sizes=\"(max-width: 866px) 100vw, 866px\" \/><\/figure>\n\n<p>In this book, Krki\u0107 expands on the experiences he told in the documentary &#8216;Bojan, m\u00e1s all\u00e1 de la sonrisa&#8217;, also produced and scripted by NSN. In both productions, the former professional athlete explains the importance of taking care of mental health and making it visible. His story is also the story of many other people who deal with anxiety on a daily basis. <\/p>\n\n<figure class=\"wp-block-image size-full\"><img decoding=\"async\" width=\"866\" height=\"626\" src=\"https:\/\/www.wearensn.com\/wp-content\/uploads\/2024\/04\/240405_Bojan-Book-Pres_IMG-2.jpg\" alt=\"\" class=\"wp-image-10740\" srcset=\"https:\/\/www.wearensn.com\/wp-content\/uploads\/2024\/04\/240405_Bojan-Book-Pres_IMG-2.jpg 866w, https:\/\/www.wearensn.com\/wp-content\/uploads\/2024\/04\/240405_Bojan-Book-Pres_IMG-2-300x217.jpg 300w, https:\/\/www.wearensn.com\/wp-content\/uploads\/2024\/04\/240405_Bojan-Book-Pres_IMG-2-768x555.jpg 768w\" sizes=\"(max-width: 866px) 100vw, 866px\" \/><\/figure>\n\n<p>Last Thursday, we presented the book together with its protagonist and journalists Jordi Bast\u00e9 and Marcos L\u00f3pez at the Antiga F\u00e0brica d\u2019Estrella Damm, where fans of the ex-footballer and media were able to learn about Bojan&#8217;s story. NSN is proud to have been part of such an exciting project as the publication of this book. Sport is much more than sport and this is what we wanted to show together with Krki\u0107. <\/p>\n\n<figure class=\"wp-block-image size-full\"><img decoding=\"async\" width=\"866\" height=\"626\" src=\"https:\/\/www.wearensn.com\/wp-content\/uploads\/2024\/04\/240405_Bojan-Book-Pres_IMG-3.jpg\" alt=\"\" class=\"wp-image-10743\" srcset=\"https:\/\/www.wearensn.com\/wp-content\/uploads\/2024\/04\/240405_Bojan-Book-Pres_IMG-3.jpg 866w, https:\/\/www.wearensn.com\/wp-content\/uploads\/2024\/04\/240405_Bojan-Book-Pres_IMG-3-300x217.jpg 300w, https:\/\/www.wearensn.com\/wp-content\/uploads\/2024\/04\/240405_Bojan-Book-Pres_IMG-3-768x555.jpg 768w\" sizes=\"(max-width: 866px) 100vw, 866px\" \/><\/figure>\n","protected":false},"excerpt":{"rendered":"<p>Bojan Krki\u0107, former FC Barcelona player and current Coordinator of the Football Department of the club, tells  [&hellip;]<\/p>\n","protected":false},"author":1,"featured_media":10735,"comment_status":"closed","ping_status":"closed","sticky":false,"template":"","format":"standard","meta":{"_acf_changed":false,"content-type":"","footnotes":""},"categories":[39],"tags":[],"class_list":["post-10747","post","type-post","status-publish","format-standard","has-post-thumbnail","hentry","category-media-productions-ja"],"acf":[],"yoast_head":"<!-- This site is optimized with the Yoast SEO plugin v27.1.1 - https:\/\/yoast.com\/product\/yoast-seo-wordpress\/ -->\n<title>The former footballer and coordinator of the football area at Bar\u00e7a, Bojan Krki\u0107, publishes his book &#039;Controlar lo incontrolable&#039; alongside NSN - We Are NSN<\/title>\n<meta name=\"description\" content=\"Bojan Krki\u0107, former FC Barcelona player and current Coordinator of the Football Department of the club, tells all his experience in a publication where mental health becomes the protagonist.\" \/>\n<meta name=\"robots\" content=\"index, follow, max-snippet:-1, max-image-preview:large, max-video-preview:-1\" \/>\n<link rel=\"canonical\" href=\"https:\/\/www.wearensn.com\/ja\/the-former-footballer-and-coordinator-of-the-football-area-at-barca-bojan-krkic-publishes-his-book-controlar-lo-incontrolable-alongside-nsn\/\" \/>\n<meta property=\"og:locale\" content=\"ja_JP\" \/>\n<meta property=\"og:type\" content=\"article\" \/>\n<meta property=\"og:title\" content=\"The former footballer and coordinator of the football area at Bar\u00e7a, Bojan Krki\u0107, publishes his book &#039;Controlar lo incontrolable&#039; alongside NSN - We Are NSN\" \/>\n<meta property=\"og:description\" content=\"Bojan Krki\u0107, former FC Barcelona player and current Coordinator of the Football Department of the club, tells all his experience in a publication where mental health becomes the protagonist.\" \/>\n<meta property=\"og:url\" content=\"https:\/\/www.wearensn.com\/ja\/the-former-footballer-and-coordinator-of-the-football-area-at-barca-bojan-krkic-publishes-his-book-controlar-lo-incontrolable-alongside-nsn\/\" \/>\n<meta property=\"og:site_name\" content=\"We Are NSN\" \/>\n<meta property=\"article:published_time\" content=\"2024-04-05T10:40:21+00:00\" \/>\n<meta property=\"article:modified_time\" content=\"2024-04-05T10:41:07+00:00\" \/>\n<meta property=\"og:image\" content=\"https:\/\/www.wearensn.com\/wp-content\/uploads\/2024\/04\/240405_Bojan-Book-Pres_Cover.jpg\" \/>\n\t<meta property=\"og:image:width\" content=\"650\" \/>\n\t<meta property=\"og:image:height\" content=\"470\" \/>\n\t<meta property=\"og:image:type\" content=\"image\/jpeg\" \/>\n<meta name=\"author\" content=\"admin\" \/>\n<meta name=\"twitter:card\" content=\"summary_large_image\" \/>\n<meta name=\"twitter:label1\" content=\"\u57f7\u7b46\u8005\" \/>\n\t<meta name=\"twitter:data1\" content=\"admin\" \/>\n\t<meta name=\"twitter:label2\" content=\"\u63a8\u5b9a\u8aad\u307f\u53d6\u308a\u6642\u9593\" \/>\n\t<meta name=\"twitter:data2\" content=\"1\u5206\" \/>\n<script type=\"application\/ld+json\" class=\"yoast-schema-graph\">{\"@context\":\"https:\/\/schema.org\",\"@graph\":[{\"@type\":\"Article\",\"@id\":\"https:\/\/www.wearensn.com\/ja\/the-former-footballer-and-coordinator-of-the-football-area-at-barca-bojan-krkic-publishes-his-book-controlar-lo-incontrolable-alongside-nsn\/#article\",\"isPartOf\":{\"@id\":\"https:\/\/www.wearensn.com\/ja\/the-former-footballer-and-coordinator-of-the-football-area-at-barca-bojan-krkic-publishes-his-book-controlar-lo-incontrolable-alongside-nsn\/\"},\"author\":{\"name\":\"admin\",\"@id\":\"https:\/\/www.wearensn.com\/ja\/#\/schema\/person\/ec9b85583f2ab426f24c3d44220ea7b4\"},\"headline\":\"The former footballer and coordinator of the football area at Bar\u00e7a, Bojan Krki\u0107, publishes his book &#8216;Controlar lo incontrolable&#8217; alongside NSN\",\"datePublished\":\"2024-04-05T10:40:21+00:00\",\"dateModified\":\"2024-04-05T10:41:07+00:00\",\"mainEntityOfPage\":{\"@id\":\"https:\/\/www.wearensn.com\/ja\/the-former-footballer-and-coordinator-of-the-football-area-at-barca-bojan-krkic-publishes-his-book-controlar-lo-incontrolable-alongside-nsn\/\"},\"wordCount\":285,\"publisher\":{\"@id\":\"https:\/\/www.wearensn.com\/ja\/#organization\"},\"image\":{\"@id\":\"https:\/\/www.wearensn.com\/ja\/the-former-footballer-and-coordinator-of-the-football-area-at-barca-bojan-krkic-publishes-his-book-controlar-lo-incontrolable-alongside-nsn\/#primaryimage\"},\"thumbnailUrl\":\"https:\/\/www.wearensn.com\/wp-content\/uploads\/2024\/04\/240405_Bojan-Book-Pres_Cover.jpg\",\"articleSection\":[\"Media Productions\"],\"inLanguage\":\"ja\"},{\"@type\":\"WebPage\",\"@id\":\"https:\/\/www.wearensn.com\/ja\/the-former-footballer-and-coordinator-of-the-football-area-at-barca-bojan-krkic-publishes-his-book-controlar-lo-incontrolable-alongside-nsn\/\",\"url\":\"https:\/\/www.wearensn.com\/ja\/the-former-footballer-and-coordinator-of-the-football-area-at-barca-bojan-krkic-publishes-his-book-controlar-lo-incontrolable-alongside-nsn\/\",\"name\":\"The former footballer and coordinator of the football area at Bar\u00e7a, Bojan Krki\u0107, publishes his book 'Controlar lo incontrolable' alongside NSN - We Are NSN\",\"isPartOf\":{\"@id\":\"https:\/\/www.wearensn.com\/ja\/#website\"},\"primaryImageOfPage\":{\"@id\":\"https:\/\/www.wearensn.com\/ja\/the-former-footballer-and-coordinator-of-the-football-area-at-barca-bojan-krkic-publishes-his-book-controlar-lo-incontrolable-alongside-nsn\/#primaryimage\"},\"image\":{\"@id\":\"https:\/\/www.wearensn.com\/ja\/the-former-footballer-and-coordinator-of-the-football-area-at-barca-bojan-krkic-publishes-his-book-controlar-lo-incontrolable-alongside-nsn\/#primaryimage\"},\"thumbnailUrl\":\"https:\/\/www.wearensn.com\/wp-content\/uploads\/2024\/04\/240405_Bojan-Book-Pres_Cover.jpg\",\"datePublished\":\"2024-04-05T10:40:21+00:00\",\"dateModified\":\"2024-04-05T10:41:07+00:00\",\"description\":\"Bojan Krki\u0107, former FC Barcelona player and current Coordinator of the Football Department of the club, tells all his experience in a publication where mental health becomes the protagonist.\",\"breadcrumb\":{\"@id\":\"https:\/\/www.wearensn.com\/ja\/the-former-footballer-and-coordinator-of-the-football-area-at-barca-bojan-krkic-publishes-his-book-controlar-lo-incontrolable-alongside-nsn\/#breadcrumb\"},\"inLanguage\":\"ja\",\"potentialAction\":[{\"@type\":\"ReadAction\",\"target\":[\"https:\/\/www.wearensn.com\/ja\/the-former-footballer-and-coordinator-of-the-football-area-at-barca-bojan-krkic-publishes-his-book-controlar-lo-incontrolable-alongside-nsn\/\"]}]},{\"@type\":\"ImageObject\",\"inLanguage\":\"ja\",\"@id\":\"https:\/\/www.wearensn.com\/ja\/the-former-footballer-and-coordinator-of-the-football-area-at-barca-bojan-krkic-publishes-his-book-controlar-lo-incontrolable-alongside-nsn\/#primaryimage\",\"url\":\"https:\/\/www.wearensn.com\/wp-content\/uploads\/2024\/04\/240405_Bojan-Book-Pres_Cover.jpg\",\"contentUrl\":\"https:\/\/www.wearensn.com\/wp-content\/uploads\/2024\/04\/240405_Bojan-Book-Pres_Cover.jpg\",\"width\":650,\"height\":470},{\"@type\":\"BreadcrumbList\",\"@id\":\"https:\/\/www.wearensn.com\/ja\/the-former-footballer-and-coordinator-of-the-football-area-at-barca-bojan-krkic-publishes-his-book-controlar-lo-incontrolable-alongside-nsn\/#breadcrumb\",\"itemListElement\":[{\"@type\":\"ListItem\",\"position\":1,\"name\":\"Home\",\"item\":\"https:\/\/www.wearensn.com\/ja\/\"},{\"@type\":\"ListItem\",\"position\":2,\"name\":\"The former footballer and coordinator of the football area at Bar\u00e7a, Bojan Krki\u0107, publishes his book &#8216;Controlar lo incontrolable&#8217; alongside NSN\"}]},{\"@type\":\"WebSite\",\"@id\":\"https:\/\/www.wearensn.com\/ja\/#website\",\"url\":\"https:\/\/www.wearensn.com\/ja\/\",\"name\":\"We Are NSN\",\"description\":\"Sports &amp; Entertainment\",\"publisher\":{\"@id\":\"https:\/\/www.wearensn.com\/ja\/#organization\"},\"potentialAction\":[{\"@type\":\"SearchAction\",\"target\":{\"@type\":\"EntryPoint\",\"urlTemplate\":\"https:\/\/www.wearensn.com\/ja\/?s={search_term_string}\"},\"query-input\":{\"@type\":\"PropertyValueSpecification\",\"valueRequired\":true,\"valueName\":\"search_term_string\"}}],\"inLanguage\":\"ja\"},{\"@type\":\"Organization\",\"@id\":\"https:\/\/www.wearensn.com\/ja\/#organization\",\"name\":\"We Are NSN\",\"url\":\"https:\/\/www.wearensn.com\/ja\/\",\"logo\":{\"@type\":\"ImageObject\",\"inLanguage\":\"ja\",\"@id\":\"https:\/\/www.wearensn.com\/ja\/#\/schema\/logo\/image\/\",\"url\":\"https:\/\/www.wearensn.com\/wp-content\/uploads\/2023\/08\/cropped-Favicon-never-say-never.png\",\"contentUrl\":\"https:\/\/www.wearensn.com\/wp-content\/uploads\/2023\/08\/cropped-Favicon-never-say-never.png\",\"width\":512,\"height\":512,\"caption\":\"We Are NSN\"},\"image\":{\"@id\":\"https:\/\/www.wearensn.com\/ja\/#\/schema\/logo\/image\/\"}},{\"@type\":\"Person\",\"@id\":\"https:\/\/www.wearensn.com\/ja\/#\/schema\/person\/ec9b85583f2ab426f24c3d44220ea7b4\",\"name\":\"admin\",\"image\":{\"@type\":\"ImageObject\",\"inLanguage\":\"ja\",\"@id\":\"https:\/\/www.wearensn.com\/ja\/#\/schema\/person\/image\/\",\"url\":\"https:\/\/secure.gravatar.com\/avatar\/c5f0e1885a5e8b1905135a235b43a55295743b0046eb0eeb42d4df7a2ef37366?s=96&d=mm&r=g\",\"contentUrl\":\"https:\/\/secure.gravatar.com\/avatar\/c5f0e1885a5e8b1905135a235b43a55295743b0046eb0eeb42d4df7a2ef37366?s=96&d=mm&r=g\",\"caption\":\"admin\"},\"sameAs\":[\"https:\/\/staging.wearensn.com\"],\"url\":\"https:\/\/www.wearensn.com\/ja\/author\/staging_nsn\/\"}]}<\/script>\n<!-- \/ Yoast SEO plugin. -->","yoast_head_json":{"title":"The former footballer and coordinator of the football area at Bar\u00e7a, Bojan Krki\u0107, publishes his book 'Controlar lo incontrolable' alongside NSN - We Are NSN","description":"Bojan Krki\u0107, former FC Barcelona player and current Coordinator of the Football Department of the club, tells all his experience in a publication where mental health becomes the protagonist.","robots":{"index":"index","follow":"follow","max-snippet":"max-snippet:-1","max-image-preview":"max-image-preview:large","max-video-preview":"max-video-preview:-1"},"canonical":"https:\/\/www.wearensn.com\/ja\/the-former-footballer-and-coordinator-of-the-football-area-at-barca-bojan-krkic-publishes-his-book-controlar-lo-incontrolable-alongside-nsn\/","og_locale":"ja_JP","og_type":"article","og_title":"The former footballer and coordinator of the football area at Bar\u00e7a, Bojan Krki\u0107, publishes his book 'Controlar lo incontrolable' alongside NSN - We Are NSN","og_description":"Bojan Krki\u0107, former FC Barcelona player and current Coordinator of the Football Department of the club, tells all his experience in a publication where mental health becomes the protagonist.","og_url":"https:\/\/www.wearensn.com\/ja\/the-former-footballer-and-coordinator-of-the-football-area-at-barca-bojan-krkic-publishes-his-book-controlar-lo-incontrolable-alongside-nsn\/","og_site_name":"We Are NSN","article_published_time":"2024-04-05T10:40:21+00:00","article_modified_time":"2024-04-05T10:41:07+00:00","og_image":[{"width":650,"height":470,"url":"https:\/\/www.wearensn.com\/wp-content\/uploads\/2024\/04\/240405_Bojan-Book-Pres_Cover.jpg","type":"image\/jpeg"}],"author":"admin","twitter_card":"summary_large_image","twitter_misc":{"\u57f7\u7b46\u8005":"admin","\u63a8\u5b9a\u8aad\u307f\u53d6\u308a\u6642\u9593":"1\u5206"},"schema":{"@context":"https:\/\/schema.org","@graph":[{"@type":"Article","@id":"https:\/\/www.wearensn.com\/ja\/the-former-footballer-and-coordinator-of-the-football-area-at-barca-bojan-krkic-publishes-his-book-controlar-lo-incontrolable-alongside-nsn\/#article","isPartOf":{"@id":"https:\/\/www.wearensn.com\/ja\/the-former-footballer-and-coordinator-of-the-football-area-at-barca-bojan-krkic-publishes-his-book-controlar-lo-incontrolable-alongside-nsn\/"},"author":{"name":"admin","@id":"https:\/\/www.wearensn.com\/ja\/#\/schema\/person\/ec9b85583f2ab426f24c3d44220ea7b4"},"headline":"The former footballer and coordinator of the football area at Bar\u00e7a, Bojan Krki\u0107, publishes his book &#8216;Controlar lo incontrolable&#8217; alongside NSN","datePublished":"2024-04-05T10:40:21+00:00","dateModified":"2024-04-05T10:41:07+00:00","mainEntityOfPage":{"@id":"https:\/\/www.wearensn.com\/ja\/the-former-footballer-and-coordinator-of-the-football-area-at-barca-bojan-krkic-publishes-his-book-controlar-lo-incontrolable-alongside-nsn\/"},"wordCount":285,"publisher":{"@id":"https:\/\/www.wearensn.com\/ja\/#organization"},"image":{"@id":"https:\/\/www.wearensn.com\/ja\/the-former-footballer-and-coordinator-of-the-football-area-at-barca-bojan-krkic-publishes-his-book-controlar-lo-incontrolable-alongside-nsn\/#primaryimage"},"thumbnailUrl":"https:\/\/www.wearensn.com\/wp-content\/uploads\/2024\/04\/240405_Bojan-Book-Pres_Cover.jpg","articleSection":["Media Productions"],"inLanguage":"ja"},{"@type":"WebPage","@id":"https:\/\/www.wearensn.com\/ja\/the-former-footballer-and-coordinator-of-the-football-area-at-barca-bojan-krkic-publishes-his-book-controlar-lo-incontrolable-alongside-nsn\/","url":"https:\/\/www.wearensn.com\/ja\/the-former-footballer-and-coordinator-of-the-football-area-at-barca-bojan-krkic-publishes-his-book-controlar-lo-incontrolable-alongside-nsn\/","name":"The former footballer and coordinator of the football area at Bar\u00e7a, Bojan Krki\u0107, publishes his book 'Controlar lo incontrolable' alongside NSN - We Are NSN","isPartOf":{"@id":"https:\/\/www.wearensn.com\/ja\/#website"},"primaryImageOfPage":{"@id":"https:\/\/www.wearensn.com\/ja\/the-former-footballer-and-coordinator-of-the-football-area-at-barca-bojan-krkic-publishes-his-book-controlar-lo-incontrolable-alongside-nsn\/#primaryimage"},"image":{"@id":"https:\/\/www.wearensn.com\/ja\/the-former-footballer-and-coordinator-of-the-football-area-at-barca-bojan-krkic-publishes-his-book-controlar-lo-incontrolable-alongside-nsn\/#primaryimage"},"thumbnailUrl":"https:\/\/www.wearensn.com\/wp-content\/uploads\/2024\/04\/240405_Bojan-Book-Pres_Cover.jpg","datePublished":"2024-04-05T10:40:21+00:00","dateModified":"2024-04-05T10:41:07+00:00","description":"Bojan Krki\u0107, former FC Barcelona player and current Coordinator of the Football Department of the club, tells all his experience in a publication where mental health becomes the protagonist.","breadcrumb":{"@id":"https:\/\/www.wearensn.com\/ja\/the-former-footballer-and-coordinator-of-the-football-area-at-barca-bojan-krkic-publishes-his-book-controlar-lo-incontrolable-alongside-nsn\/#breadcrumb"},"inLanguage":"ja","potentialAction":[{"@type":"ReadAction","target":["https:\/\/www.wearensn.com\/ja\/the-former-footballer-and-coordinator-of-the-football-area-at-barca-bojan-krkic-publishes-his-book-controlar-lo-incontrolable-alongside-nsn\/"]}]},{"@type":"ImageObject","inLanguage":"ja","@id":"https:\/\/www.wearensn.com\/ja\/the-former-footballer-and-coordinator-of-the-football-area-at-barca-bojan-krkic-publishes-his-book-controlar-lo-incontrolable-alongside-nsn\/#primaryimage","url":"https:\/\/www.wearensn.com\/wp-content\/uploads\/2024\/04\/240405_Bojan-Book-Pres_Cover.jpg","contentUrl":"https:\/\/www.wearensn.com\/wp-content\/uploads\/2024\/04\/240405_Bojan-Book-Pres_Cover.jpg","width":650,"height":470},{"@type":"BreadcrumbList","@id":"https:\/\/www.wearensn.com\/ja\/the-former-footballer-and-coordinator-of-the-football-area-at-barca-bojan-krkic-publishes-his-book-controlar-lo-incontrolable-alongside-nsn\/#breadcrumb","itemListElement":[{"@type":"ListItem","position":1,"name":"Home","item":"https:\/\/www.wearensn.com\/ja\/"},{"@type":"ListItem","position":2,"name":"The former footballer and coordinator of the football area at Bar\u00e7a, Bojan Krki\u0107, publishes his book &#8216;Controlar lo incontrolable&#8217; alongside NSN"}]},{"@type":"WebSite","@id":"https:\/\/www.wearensn.com\/ja\/#website","url":"https:\/\/www.wearensn.com\/ja\/","name":"We Are NSN","description":"Sports &amp; Entertainment","publisher":{"@id":"https:\/\/www.wearensn.com\/ja\/#organization"},"potentialAction":[{"@type":"SearchAction","target":{"@type":"EntryPoint","urlTemplate":"https:\/\/www.wearensn.com\/ja\/?s={search_term_string}"},"query-input":{"@type":"PropertyValueSpecification","valueRequired":true,"valueName":"search_term_string"}}],"inLanguage":"ja"},{"@type":"Organization","@id":"https:\/\/www.wearensn.com\/ja\/#organization","name":"We Are NSN","url":"https:\/\/www.wearensn.com\/ja\/","logo":{"@type":"ImageObject","inLanguage":"ja","@id":"https:\/\/www.wearensn.com\/ja\/#\/schema\/logo\/image\/","url":"https:\/\/www.wearensn.com\/wp-content\/uploads\/2023\/08\/cropped-Favicon-never-say-never.png","contentUrl":"https:\/\/www.wearensn.com\/wp-content\/uploads\/2023\/08\/cropped-Favicon-never-say-never.png","width":512,"height":512,"caption":"We Are NSN"},"image":{"@id":"https:\/\/www.wearensn.com\/ja\/#\/schema\/logo\/image\/"}},{"@type":"Person","@id":"https:\/\/www.wearensn.com\/ja\/#\/schema\/person\/ec9b85583f2ab426f24c3d44220ea7b4","name":"admin","image":{"@type":"ImageObject","inLanguage":"ja","@id":"https:\/\/www.wearensn.com\/ja\/#\/schema\/person\/image\/","url":"https:\/\/secure.gravatar.com\/avatar\/c5f0e1885a5e8b1905135a235b43a55295743b0046eb0eeb42d4df7a2ef37366?s=96&d=mm&r=g","contentUrl":"https:\/\/secure.gravatar.com\/avatar\/c5f0e1885a5e8b1905135a235b43a55295743b0046eb0eeb42d4df7a2ef37366?s=96&d=mm&r=g","caption":"admin"},"sameAs":["https:\/\/staging.wearensn.com"],"url":"https:\/\/www.wearensn.com\/ja\/author\/staging_nsn\/"}]}},"_links":{"self":[{"href":"https:\/\/www.wearensn.com\/ja\/wp-json\/wp\/v2\/posts\/10747","targetHints":{"allow":["GET"]}}],"collection":[{"href":"https:\/\/www.wearensn.com\/ja\/wp-json\/wp\/v2\/posts"}],"about":[{"href":"https:\/\/www.wearensn.com\/ja\/wp-json\/wp\/v2\/types\/post"}],"author":[{"embeddable":true,"href":"https:\/\/www.wearensn.com\/ja\/wp-json\/wp\/v2\/users\/1"}],"replies":[{"embeddable":true,"href":"https:\/\/www.wearensn.com\/ja\/wp-json\/wp\/v2\/comments?post=10747"}],"version-history":[{"count":1,"href":"https:\/\/www.wearensn.com\/ja\/wp-json\/wp\/v2\/posts\/10747\/revisions"}],"predecessor-version":[{"id":10748,"href":"https:\/\/www.wearensn.com\/ja\/wp-json\/wp\/v2\/posts\/10747\/revisions\/10748"}],"wp:featuredmedia":[{"embeddable":true,"href":"https:\/\/www.wearensn.com\/ja\/wp-json\/wp\/v2\/media\/10735"}],"wp:attachment":[{"href":"https:\/\/www.wearensn.com\/ja\/wp-json\/wp\/v2\/media?parent=10747"}],"wp:term":[{"taxonomy":"category","embeddable":true,"href":"https:\/\/www.wearensn.com\/ja\/wp-json\/wp\/v2\/categories?post=10747"},{"taxonomy":"post_tag","embeddable":true,"href":"https:\/\/www.wearensn.com\/ja\/wp-json\/wp\/v2\/tags?post=10747"}],"curies":[{"name":"wp","href":"https:\/\/api.w.org\/{rel}","templated":true}]}}