{"id":9772,"date":"2024-02-09T11:52:55","date_gmt":"2024-02-09T11:52:55","guid":{"rendered":"https:\/\/www.wearensn.com\/iniesta-academy-lleva-a-peru-la-primera-academia-de-obra-social-del-mundo\/"},"modified":"2024-02-09T11:55:33","modified_gmt":"2024-02-09T11:55:33","slug":"iniesta-academy-lleva-a-peru-la-primera-academia-de-obra-social-del-mundo","status":"publish","type":"post","link":"https:\/\/www.wearensn.com\/es\/iniesta-academy-lleva-a-peru-la-primera-academia-de-obra-social-del-mundo\/","title":{"rendered":"Iniesta Academy lleva a Per\u00fa la primera academia de obra social del mundo"},"content":{"rendered":"\n<p><em>NSN Sudam\u00e9rica se une al Gobierno Regional de Huancavelica y a la empresa minera Buenaventura para becar a 200 ni\u00f1os y ni\u00f1as que podr\u00e1n aprender con la metodolog\u00eda Andr\u00e9s Iniesta<\/em><\/p>\n\n<p>La primera academia social del mundo ha aterrizado en Huancavelica (Per\u00fa) gracias a Iniesta Academy. Ahora los ni\u00f1os y ni\u00f1as de la regi\u00f3n ya pueden disfrutar del mejor f\u00fatbol y la metodolog\u00eda Andr\u00e9s Iniesta, con la herencia del ADN Bar\u00e7a del campe\u00f3n del mundo. En colaboraci\u00f3n con el Gobierno Regional de Huancavelica y la Compa\u00f1\u00eda de Minas Buenaventura, NSN Sudam\u00e9rica dio comienzo a esta iniciativa el pasado mi\u00e9rcoles 7 de febrero. M\u00e1s de 600 j\u00f3venes se postularon para recibir una de las becas que ofrec\u00edan la posibilidad de aprender en la academia, pero solo 200 fueron seleccionados; 180 de ellos entrenar\u00e1n en Huancavelica y los otros 20 lo har\u00e1n en Ccochaccasa.<\/p>\n\n<figure class=\"wp-block-image size-full\"><img fetchpriority=\"high\" decoding=\"async\" width=\"866\" height=\"626\" src=\"https:\/\/www.wearensn.com\/wp-content\/uploads\/2024\/02\/IMG_2119.jpg\" alt=\"\" class=\"wp-image-9758\" srcset=\"https:\/\/www.wearensn.com\/wp-content\/uploads\/2024\/02\/IMG_2119.jpg 866w, https:\/\/www.wearensn.com\/wp-content\/uploads\/2024\/02\/IMG_2119-300x217.jpg 300w, https:\/\/www.wearensn.com\/wp-content\/uploads\/2024\/02\/IMG_2119-768x555.jpg 768w\" sizes=\"(max-width: 866px) 100vw, 866px\" \/><\/figure>\n\n<p>Desde Iniesta Academy Per\u00fa se ha realizado una formaci\u00f3n y capacitaci\u00f3n de un total de 13 entrenadores locales, tres de ellas mujeres, para potenciar la presencia femenina en espacios deportivos y de formaci\u00f3n tan importantes como este. Adem\u00e1s, durante los d\u00edas previos al inicio del campus, se llev\u00f3 a cabo un try-out para elegir a los afortunados y afortunadas que podr\u00edan jugar en la academia. Entre los criterios de selecci\u00f3n, no solo se ten\u00edan en cuenta las habilidades deportivas, sino tambi\u00e9n la actitud, el liderazgo, el compa\u00f1erismo y las ganas de seguir aprendiendo. Finalmente, y tras dos jornadas intensas de criba, el domingo se anunciaron los seleccionados a trav\u00e9s de la p\u00e1gina web del Gobierno Regional, y a partir del lunes empezaron el reparto de equipaciones y las visitas a las instalaciones en Ccochaccasa.<\/p>\n\n<figure class=\"wp-block-image size-full\"><img decoding=\"async\" width=\"866\" height=\"626\" src=\"https:\/\/www.wearensn.com\/wp-content\/uploads\/2024\/02\/IMG_6304.jpg\" alt=\"\" class=\"wp-image-9761\" srcset=\"https:\/\/www.wearensn.com\/wp-content\/uploads\/2024\/02\/IMG_6304.jpg 866w, https:\/\/www.wearensn.com\/wp-content\/uploads\/2024\/02\/IMG_6304-300x217.jpg 300w, https:\/\/www.wearensn.com\/wp-content\/uploads\/2024\/02\/IMG_6304-768x555.jpg 768w\" sizes=\"(max-width: 866px) 100vw, 866px\" \/><\/figure>\n\n<figure class=\"wp-block-image size-full\"><img decoding=\"async\" width=\"866\" height=\"626\" src=\"https:\/\/www.wearensn.com\/wp-content\/uploads\/2024\/02\/IMG_6348.jpg\" alt=\"\" class=\"wp-image-9764\" srcset=\"https:\/\/www.wearensn.com\/wp-content\/uploads\/2024\/02\/IMG_6348.jpg 866w, https:\/\/www.wearensn.com\/wp-content\/uploads\/2024\/02\/IMG_6348-300x217.jpg 300w, https:\/\/www.wearensn.com\/wp-content\/uploads\/2024\/02\/IMG_6348-768x555.jpg 768w\" sizes=\"(max-width: 866px) 100vw, 866px\" \/><\/figure>\n\n<p>Desde NSN estamos encantados de que la Iniesta Academy llegue a distintas partes del mundo, consiguiendo extender la t\u00e9cnica y el f\u00fatbol de nuestro cofundador, Andr\u00e9s Iniesta. Agradecemos su inter\u00e9s por seguir ayudando a la comunidad del f\u00fatbol y su gran labor social en la formaci\u00f3n deportiva de los m\u00e1s j\u00f3venes. Nos sentimos muy afortunados de empezar esta aventura junto a los ni\u00f1os y ni\u00f1as de Huancavelica, que van a poder mostrar sus habilidades y mejorarlas d\u00eda a d\u00eda junto a profesionales del deporte.<\/p>\n\n<figure class=\"wp-block-image size-full\"><img loading=\"lazy\" decoding=\"async\" width=\"866\" height=\"626\" src=\"https:\/\/www.wearensn.com\/wp-content\/uploads\/2024\/02\/IMG_6369.jpg\" alt=\"\" class=\"wp-image-9767\" srcset=\"https:\/\/www.wearensn.com\/wp-content\/uploads\/2024\/02\/IMG_6369.jpg 866w, https:\/\/www.wearensn.com\/wp-content\/uploads\/2024\/02\/IMG_6369-300x217.jpg 300w, https:\/\/www.wearensn.com\/wp-content\/uploads\/2024\/02\/IMG_6369-768x555.jpg 768w\" sizes=\"(max-width: 866px) 100vw, 866px\" \/><\/figure>\n","protected":false},"excerpt":{"rendered":"<p>NSN Sudam\u00e9rica se une al Gobierno Regional de Huancavelica y a la empresa minera Buenaventura para becar a 200 ni\u00f1os y ni\u00f1as que podr\u00e1n aprender con la metodolog\u00eda Andr\u00e9s Iniesta La primera academia social del mundo ha aterrizado en Huancavelica (Per\u00fa) gracias a Iniesta Academy. Ahora los ni\u00f1os y ni\u00f1as de la regi\u00f3n ya pueden [&hellip;]<\/p>\n","protected":false},"author":2,"featured_media":9757,"comment_status":"closed","ping_status":"closed","sticky":false,"template":"","format":"standard","meta":{"_acf_changed":false,"content-type":"","footnotes":""},"categories":[35],"tags":[],"class_list":["post-9772","post","type-post","status-publish","format-standard","has-post-thumbnail","hentry","category-football-properties-es"],"acf":[],"yoast_head":"<!-- This site is optimized with the Yoast SEO plugin v27.1.1 - https:\/\/yoast.com\/product\/yoast-seo-wordpress\/ -->\n<title>Iniesta Academy lleva a Per\u00fa la primera academia de obra social del mundo - We Are NSN<\/title>\n<meta name=\"description\" content=\"NSN Sudam\u00e9rica se une al Gobierno Regional de Huancavelica y a la empresa minera Buenaventura para becar a 200 ni\u00f1os y ni\u00f1as que podr\u00e1n aprender con la metodolog\u00eda Andr\u00e9s Iniesta\" \/>\n<meta name=\"robots\" content=\"index, follow, max-snippet:-1, max-image-preview:large, max-video-preview:-1\" \/>\n<link rel=\"canonical\" href=\"https:\/\/www.wearensn.com\/es\/iniesta-academy-lleva-a-peru-la-primera-academia-de-obra-social-del-mundo\/\" \/>\n<meta property=\"og:locale\" content=\"es_ES\" \/>\n<meta property=\"og:type\" content=\"article\" \/>\n<meta property=\"og:title\" content=\"Iniesta Academy lleva a Per\u00fa la primera academia de obra social del mundo - We Are NSN\" \/>\n<meta property=\"og:description\" content=\"NSN Sudam\u00e9rica se une al Gobierno Regional de Huancavelica y a la empresa minera Buenaventura para becar a 200 ni\u00f1os y ni\u00f1as que podr\u00e1n aprender con la metodolog\u00eda Andr\u00e9s Iniesta\" \/>\n<meta property=\"og:url\" content=\"https:\/\/www.wearensn.com\/es\/iniesta-academy-lleva-a-peru-la-primera-academia-de-obra-social-del-mundo\/\" \/>\n<meta property=\"og:site_name\" content=\"We Are NSN\" \/>\n<meta property=\"article:published_time\" content=\"2024-02-09T11:52:55+00:00\" \/>\n<meta property=\"article:modified_time\" content=\"2024-02-09T11:55:33+00:00\" \/>\n<meta property=\"og:image\" content=\"https:\/\/www.wearensn.com\/wp-content\/uploads\/2024\/02\/240207_VK-vs-IM_Match_Cover-1.jpg\" \/>\n\t<meta property=\"og:image:width\" content=\"650\" \/>\n\t<meta property=\"og:image:height\" content=\"470\" \/>\n\t<meta property=\"og:image:type\" content=\"image\/jpeg\" \/>\n<meta name=\"author\" content=\"gabry\" \/>\n<meta name=\"twitter:card\" content=\"summary_large_image\" \/>\n<meta name=\"twitter:label1\" content=\"Escrito por\" \/>\n\t<meta name=\"twitter:data1\" content=\"gabry\" \/>\n\t<meta name=\"twitter:label2\" content=\"Tiempo de lectura\" \/>\n\t<meta name=\"twitter:data2\" content=\"2 minutos\" \/>\n<script type=\"application\/ld+json\" class=\"yoast-schema-graph\">{\"@context\":\"https:\/\/schema.org\",\"@graph\":[{\"@type\":\"Article\",\"@id\":\"https:\/\/www.wearensn.com\/es\/iniesta-academy-lleva-a-peru-la-primera-academia-de-obra-social-del-mundo\/#article\",\"isPartOf\":{\"@id\":\"https:\/\/www.wearensn.com\/es\/iniesta-academy-lleva-a-peru-la-primera-academia-de-obra-social-del-mundo\/\"},\"author\":{\"name\":\"gabry\",\"@id\":\"https:\/\/www.wearensn.com\/es\/#\/schema\/person\/22f8e8e8f3b69ff3831e6874ae15c955\"},\"headline\":\"Iniesta Academy lleva a Per\u00fa la primera academia de obra social del mundo\",\"datePublished\":\"2024-02-09T11:52:55+00:00\",\"dateModified\":\"2024-02-09T11:55:33+00:00\",\"mainEntityOfPage\":{\"@id\":\"https:\/\/www.wearensn.com\/es\/iniesta-academy-lleva-a-peru-la-primera-academia-de-obra-social-del-mundo\/\"},\"wordCount\":412,\"publisher\":{\"@id\":\"https:\/\/www.wearensn.com\/es\/#organization\"},\"image\":{\"@id\":\"https:\/\/www.wearensn.com\/es\/iniesta-academy-lleva-a-peru-la-primera-academia-de-obra-social-del-mundo\/#primaryimage\"},\"thumbnailUrl\":\"https:\/\/www.wearensn.com\/wp-content\/uploads\/2024\/02\/240207_VK-vs-IM_Match_Cover-1.jpg\",\"articleSection\":[\"Football Properties\"],\"inLanguage\":\"es\"},{\"@type\":\"WebPage\",\"@id\":\"https:\/\/www.wearensn.com\/es\/iniesta-academy-lleva-a-peru-la-primera-academia-de-obra-social-del-mundo\/\",\"url\":\"https:\/\/www.wearensn.com\/es\/iniesta-academy-lleva-a-peru-la-primera-academia-de-obra-social-del-mundo\/\",\"name\":\"Iniesta Academy lleva a Per\u00fa la primera academia de obra social del mundo - We Are NSN\",\"isPartOf\":{\"@id\":\"https:\/\/www.wearensn.com\/es\/#website\"},\"primaryImageOfPage\":{\"@id\":\"https:\/\/www.wearensn.com\/es\/iniesta-academy-lleva-a-peru-la-primera-academia-de-obra-social-del-mundo\/#primaryimage\"},\"image\":{\"@id\":\"https:\/\/www.wearensn.com\/es\/iniesta-academy-lleva-a-peru-la-primera-academia-de-obra-social-del-mundo\/#primaryimage\"},\"thumbnailUrl\":\"https:\/\/www.wearensn.com\/wp-content\/uploads\/2024\/02\/240207_VK-vs-IM_Match_Cover-1.jpg\",\"datePublished\":\"2024-02-09T11:52:55+00:00\",\"dateModified\":\"2024-02-09T11:55:33+00:00\",\"description\":\"NSN Sudam\u00e9rica se une al Gobierno Regional de Huancavelica y a la empresa minera Buenaventura para becar a 200 ni\u00f1os y ni\u00f1as que podr\u00e1n aprender con la metodolog\u00eda Andr\u00e9s Iniesta\",\"breadcrumb\":{\"@id\":\"https:\/\/www.wearensn.com\/es\/iniesta-academy-lleva-a-peru-la-primera-academia-de-obra-social-del-mundo\/#breadcrumb\"},\"inLanguage\":\"es\",\"potentialAction\":[{\"@type\":\"ReadAction\",\"target\":[\"https:\/\/www.wearensn.com\/es\/iniesta-academy-lleva-a-peru-la-primera-academia-de-obra-social-del-mundo\/\"]}]},{\"@type\":\"ImageObject\",\"inLanguage\":\"es\",\"@id\":\"https:\/\/www.wearensn.com\/es\/iniesta-academy-lleva-a-peru-la-primera-academia-de-obra-social-del-mundo\/#primaryimage\",\"url\":\"https:\/\/www.wearensn.com\/wp-content\/uploads\/2024\/02\/240207_VK-vs-IM_Match_Cover-1.jpg\",\"contentUrl\":\"https:\/\/www.wearensn.com\/wp-content\/uploads\/2024\/02\/240207_VK-vs-IM_Match_Cover-1.jpg\",\"width\":650,\"height\":470},{\"@type\":\"BreadcrumbList\",\"@id\":\"https:\/\/www.wearensn.com\/es\/iniesta-academy-lleva-a-peru-la-primera-academia-de-obra-social-del-mundo\/#breadcrumb\",\"itemListElement\":[{\"@type\":\"ListItem\",\"position\":1,\"name\":\"Home\",\"item\":\"https:\/\/www.wearensn.com\/es\/home\/\"},{\"@type\":\"ListItem\",\"position\":2,\"name\":\"Iniesta Academy lleva a Per\u00fa la primera academia de obra social del mundo\"}]},{\"@type\":\"WebSite\",\"@id\":\"https:\/\/www.wearensn.com\/es\/#website\",\"url\":\"https:\/\/www.wearensn.com\/es\/\",\"name\":\"We Are NSN\",\"description\":\"Sports &amp; Entertainment\",\"publisher\":{\"@id\":\"https:\/\/www.wearensn.com\/es\/#organization\"},\"potentialAction\":[{\"@type\":\"SearchAction\",\"target\":{\"@type\":\"EntryPoint\",\"urlTemplate\":\"https:\/\/www.wearensn.com\/es\/?s={search_term_string}\"},\"query-input\":{\"@type\":\"PropertyValueSpecification\",\"valueRequired\":true,\"valueName\":\"search_term_string\"}}],\"inLanguage\":\"es\"},{\"@type\":\"Organization\",\"@id\":\"https:\/\/www.wearensn.com\/es\/#organization\",\"name\":\"We Are NSN\",\"url\":\"https:\/\/www.wearensn.com\/es\/\",\"logo\":{\"@type\":\"ImageObject\",\"inLanguage\":\"es\",\"@id\":\"https:\/\/www.wearensn.com\/es\/#\/schema\/logo\/image\/\",\"url\":\"https:\/\/www.wearensn.com\/wp-content\/uploads\/2023\/08\/cropped-Favicon-never-say-never.png\",\"contentUrl\":\"https:\/\/www.wearensn.com\/wp-content\/uploads\/2023\/08\/cropped-Favicon-never-say-never.png\",\"width\":512,\"height\":512,\"caption\":\"We Are NSN\"},\"image\":{\"@id\":\"https:\/\/www.wearensn.com\/es\/#\/schema\/logo\/image\/\"}},{\"@type\":\"Person\",\"@id\":\"https:\/\/www.wearensn.com\/es\/#\/schema\/person\/22f8e8e8f3b69ff3831e6874ae15c955\",\"name\":\"gabry\",\"image\":{\"@type\":\"ImageObject\",\"inLanguage\":\"es\",\"@id\":\"https:\/\/www.wearensn.com\/es\/#\/schema\/person\/image\/\",\"url\":\"https:\/\/secure.gravatar.com\/avatar\/5845feb8e86d11b1fa6d4bc0763da5b96e39a5d42f509a6ca6f5174c23200efb?s=96&d=mm&r=g\",\"contentUrl\":\"https:\/\/secure.gravatar.com\/avatar\/5845feb8e86d11b1fa6d4bc0763da5b96e39a5d42f509a6ca6f5174c23200efb?s=96&d=mm&r=g\",\"caption\":\"gabry\"},\"url\":\"https:\/\/www.wearensn.com\/es\/author\/gabry\/\"}]}<\/script>\n<!-- \/ Yoast SEO plugin. -->","yoast_head_json":{"title":"Iniesta Academy lleva a Per\u00fa la primera academia de obra social del mundo - We Are NSN","description":"NSN Sudam\u00e9rica se une al Gobierno Regional de Huancavelica y a la empresa minera Buenaventura para becar a 200 ni\u00f1os y ni\u00f1as que podr\u00e1n aprender con la metodolog\u00eda Andr\u00e9s Iniesta","robots":{"index":"index","follow":"follow","max-snippet":"max-snippet:-1","max-image-preview":"max-image-preview:large","max-video-preview":"max-video-preview:-1"},"canonical":"https:\/\/www.wearensn.com\/es\/iniesta-academy-lleva-a-peru-la-primera-academia-de-obra-social-del-mundo\/","og_locale":"es_ES","og_type":"article","og_title":"Iniesta Academy lleva a Per\u00fa la primera academia de obra social del mundo - We Are NSN","og_description":"NSN Sudam\u00e9rica se une al Gobierno Regional de Huancavelica y a la empresa minera Buenaventura para becar a 200 ni\u00f1os y ni\u00f1as que podr\u00e1n aprender con la metodolog\u00eda Andr\u00e9s Iniesta","og_url":"https:\/\/www.wearensn.com\/es\/iniesta-academy-lleva-a-peru-la-primera-academia-de-obra-social-del-mundo\/","og_site_name":"We Are NSN","article_published_time":"2024-02-09T11:52:55+00:00","article_modified_time":"2024-02-09T11:55:33+00:00","og_image":[{"width":650,"height":470,"url":"https:\/\/www.wearensn.com\/wp-content\/uploads\/2024\/02\/240207_VK-vs-IM_Match_Cover-1.jpg","type":"image\/jpeg"}],"author":"gabry","twitter_card":"summary_large_image","twitter_misc":{"Escrito por":"gabry","Tiempo de lectura":"2 minutos"},"schema":{"@context":"https:\/\/schema.org","@graph":[{"@type":"Article","@id":"https:\/\/www.wearensn.com\/es\/iniesta-academy-lleva-a-peru-la-primera-academia-de-obra-social-del-mundo\/#article","isPartOf":{"@id":"https:\/\/www.wearensn.com\/es\/iniesta-academy-lleva-a-peru-la-primera-academia-de-obra-social-del-mundo\/"},"author":{"name":"gabry","@id":"https:\/\/www.wearensn.com\/es\/#\/schema\/person\/22f8e8e8f3b69ff3831e6874ae15c955"},"headline":"Iniesta Academy lleva a Per\u00fa la primera academia de obra social del mundo","datePublished":"2024-02-09T11:52:55+00:00","dateModified":"2024-02-09T11:55:33+00:00","mainEntityOfPage":{"@id":"https:\/\/www.wearensn.com\/es\/iniesta-academy-lleva-a-peru-la-primera-academia-de-obra-social-del-mundo\/"},"wordCount":412,"publisher":{"@id":"https:\/\/www.wearensn.com\/es\/#organization"},"image":{"@id":"https:\/\/www.wearensn.com\/es\/iniesta-academy-lleva-a-peru-la-primera-academia-de-obra-social-del-mundo\/#primaryimage"},"thumbnailUrl":"https:\/\/www.wearensn.com\/wp-content\/uploads\/2024\/02\/240207_VK-vs-IM_Match_Cover-1.jpg","articleSection":["Football Properties"],"inLanguage":"es"},{"@type":"WebPage","@id":"https:\/\/www.wearensn.com\/es\/iniesta-academy-lleva-a-peru-la-primera-academia-de-obra-social-del-mundo\/","url":"https:\/\/www.wearensn.com\/es\/iniesta-academy-lleva-a-peru-la-primera-academia-de-obra-social-del-mundo\/","name":"Iniesta Academy lleva a Per\u00fa la primera academia de obra social del mundo - We Are NSN","isPartOf":{"@id":"https:\/\/www.wearensn.com\/es\/#website"},"primaryImageOfPage":{"@id":"https:\/\/www.wearensn.com\/es\/iniesta-academy-lleva-a-peru-la-primera-academia-de-obra-social-del-mundo\/#primaryimage"},"image":{"@id":"https:\/\/www.wearensn.com\/es\/iniesta-academy-lleva-a-peru-la-primera-academia-de-obra-social-del-mundo\/#primaryimage"},"thumbnailUrl":"https:\/\/www.wearensn.com\/wp-content\/uploads\/2024\/02\/240207_VK-vs-IM_Match_Cover-1.jpg","datePublished":"2024-02-09T11:52:55+00:00","dateModified":"2024-02-09T11:55:33+00:00","description":"NSN Sudam\u00e9rica se une al Gobierno Regional de Huancavelica y a la empresa minera Buenaventura para becar a 200 ni\u00f1os y ni\u00f1as que podr\u00e1n aprender con la metodolog\u00eda Andr\u00e9s Iniesta","breadcrumb":{"@id":"https:\/\/www.wearensn.com\/es\/iniesta-academy-lleva-a-peru-la-primera-academia-de-obra-social-del-mundo\/#breadcrumb"},"inLanguage":"es","potentialAction":[{"@type":"ReadAction","target":["https:\/\/www.wearensn.com\/es\/iniesta-academy-lleva-a-peru-la-primera-academia-de-obra-social-del-mundo\/"]}]},{"@type":"ImageObject","inLanguage":"es","@id":"https:\/\/www.wearensn.com\/es\/iniesta-academy-lleva-a-peru-la-primera-academia-de-obra-social-del-mundo\/#primaryimage","url":"https:\/\/www.wearensn.com\/wp-content\/uploads\/2024\/02\/240207_VK-vs-IM_Match_Cover-1.jpg","contentUrl":"https:\/\/www.wearensn.com\/wp-content\/uploads\/2024\/02\/240207_VK-vs-IM_Match_Cover-1.jpg","width":650,"height":470},{"@type":"BreadcrumbList","@id":"https:\/\/www.wearensn.com\/es\/iniesta-academy-lleva-a-peru-la-primera-academia-de-obra-social-del-mundo\/#breadcrumb","itemListElement":[{"@type":"ListItem","position":1,"name":"Home","item":"https:\/\/www.wearensn.com\/es\/home\/"},{"@type":"ListItem","position":2,"name":"Iniesta Academy lleva a Per\u00fa la primera academia de obra social del mundo"}]},{"@type":"WebSite","@id":"https:\/\/www.wearensn.com\/es\/#website","url":"https:\/\/www.wearensn.com\/es\/","name":"We Are NSN","description":"Sports &amp; Entertainment","publisher":{"@id":"https:\/\/www.wearensn.com\/es\/#organization"},"potentialAction":[{"@type":"SearchAction","target":{"@type":"EntryPoint","urlTemplate":"https:\/\/www.wearensn.com\/es\/?s={search_term_string}"},"query-input":{"@type":"PropertyValueSpecification","valueRequired":true,"valueName":"search_term_string"}}],"inLanguage":"es"},{"@type":"Organization","@id":"https:\/\/www.wearensn.com\/es\/#organization","name":"We Are NSN","url":"https:\/\/www.wearensn.com\/es\/","logo":{"@type":"ImageObject","inLanguage":"es","@id":"https:\/\/www.wearensn.com\/es\/#\/schema\/logo\/image\/","url":"https:\/\/www.wearensn.com\/wp-content\/uploads\/2023\/08\/cropped-Favicon-never-say-never.png","contentUrl":"https:\/\/www.wearensn.com\/wp-content\/uploads\/2023\/08\/cropped-Favicon-never-say-never.png","width":512,"height":512,"caption":"We Are NSN"},"image":{"@id":"https:\/\/www.wearensn.com\/es\/#\/schema\/logo\/image\/"}},{"@type":"Person","@id":"https:\/\/www.wearensn.com\/es\/#\/schema\/person\/22f8e8e8f3b69ff3831e6874ae15c955","name":"gabry","image":{"@type":"ImageObject","inLanguage":"es","@id":"https:\/\/www.wearensn.com\/es\/#\/schema\/person\/image\/","url":"https:\/\/secure.gravatar.com\/avatar\/5845feb8e86d11b1fa6d4bc0763da5b96e39a5d42f509a6ca6f5174c23200efb?s=96&d=mm&r=g","contentUrl":"https:\/\/secure.gravatar.com\/avatar\/5845feb8e86d11b1fa6d4bc0763da5b96e39a5d42f509a6ca6f5174c23200efb?s=96&d=mm&r=g","caption":"gabry"},"url":"https:\/\/www.wearensn.com\/es\/author\/gabry\/"}]}},"_links":{"self":[{"href":"https:\/\/www.wearensn.com\/es\/wp-json\/wp\/v2\/posts\/9772","targetHints":{"allow":["GET"]}}],"collection":[{"href":"https:\/\/www.wearensn.com\/es\/wp-json\/wp\/v2\/posts"}],"about":[{"href":"https:\/\/www.wearensn.com\/es\/wp-json\/wp\/v2\/types\/post"}],"author":[{"embeddable":true,"href":"https:\/\/www.wearensn.com\/es\/wp-json\/wp\/v2\/users\/2"}],"replies":[{"embeddable":true,"href":"https:\/\/www.wearensn.com\/es\/wp-json\/wp\/v2\/comments?post=9772"}],"version-history":[{"count":1,"href":"https:\/\/www.wearensn.com\/es\/wp-json\/wp\/v2\/posts\/9772\/revisions"}],"predecessor-version":[{"id":9773,"href":"https:\/\/www.wearensn.com\/es\/wp-json\/wp\/v2\/posts\/9772\/revisions\/9773"}],"wp:featuredmedia":[{"embeddable":true,"href":"https:\/\/www.wearensn.com\/es\/wp-json\/wp\/v2\/media\/9757"}],"wp:attachment":[{"href":"https:\/\/www.wearensn.com\/es\/wp-json\/wp\/v2\/media?parent=9772"}],"wp:term":[{"taxonomy":"category","embeddable":true,"href":"https:\/\/www.wearensn.com\/es\/wp-json\/wp\/v2\/categories?post=9772"},{"taxonomy":"post_tag","embeddable":true,"href":"https:\/\/www.wearensn.com\/es\/wp-json\/wp\/v2\/tags?post=9772"}],"curies":[{"name":"wp","href":"https:\/\/api.w.org\/{rel}","templated":true}]}}