{"id":9482,"date":"2024-01-19T12:10:29","date_gmt":"2024-01-19T12:10:29","guid":{"rendered":"https:\/\/www.wearensn.com\/iniesta-academy-pone-en-marcha-la-segunda-edicion-del-campus-de-llivia\/"},"modified":"2024-01-19T12:13:38","modified_gmt":"2024-01-19T12:13:38","slug":"iniesta-academy-pone-en-marcha-la-segunda-edicion-del-campus-de-llivia","status":"publish","type":"post","link":"https:\/\/www.wearensn.com\/es\/iniesta-academy-pone-en-marcha-la-segunda-edicion-del-campus-de-llivia\/","title":{"rendered":"Iniesta Academy pone en marcha la segunda edici\u00f3n del Campus de Ll\u00edvia"},"content":{"rendered":"\n<p class=\"wp-block-paragraph\"><em>El campus de verano internacional de Iniesta Academy vuelve en julio de 2024 para que los m\u00e1s j\u00f3venes puedan desarrollar su potencial con la Metodolog\u00eda Iniesta<\/em><\/p>\n\n<p class=\"wp-block-paragraph\">El campus internacional de verano de Iniesta Academy aterriza en Ll\u00edvia por segundo a\u00f1o consecutivo. Ni\u00f1os y ni\u00f1as podr\u00e1n disfrutar en un ambiente ideal del mejor f\u00fatbol, una metodolog\u00eda de juego incre\u00edble basada en la carrera del gran Andr\u00e9s Iniesta, referente mundial en este deporte, y el ADN Bar\u00e7a que ha marcado su trayectoria. En 2023, el Ayuntamiento de Ll\u00edvia firm\u00f3 un acuerdo junto a Iniesta Academy para que los pr\u00f3ximos 3 a\u00f1os el pueblo de los Pirineos sea la sede oficial del campus.<\/p>\n\n<figure class=\"wp-block-image size-full\"><img fetchpriority=\"high\" decoding=\"async\" width=\"866\" height=\"626\" src=\"https:\/\/www.wearensn.com\/wp-content\/uploads\/2024\/01\/240119_IA-Summer-Camp_B-1.jpg\" alt=\"\" class=\"wp-image-9470\" srcset=\"https:\/\/www.wearensn.com\/wp-content\/uploads\/2024\/01\/240119_IA-Summer-Camp_B-1.jpg 866w, https:\/\/www.wearensn.com\/wp-content\/uploads\/2024\/01\/240119_IA-Summer-Camp_B-1-300x217.jpg 300w, https:\/\/www.wearensn.com\/wp-content\/uploads\/2024\/01\/240119_IA-Summer-Camp_B-1-768x555.jpg 768w\" sizes=\"(max-width: 866px) 100vw, 866px\" \/><\/figure>\n\n<p class=\"wp-block-paragraph\">Este se llevar\u00e1 a cabo del 30 de junio al 6 de julio y del 7 de julio al 13 de julio. En esta segunda edici\u00f3n volvemos a traer el mejor campus de verano a un entorno id\u00edlico y tranquilo. Los jugadores podr\u00e1n desarrollar todo su potencial y formarse como los mejores, poniendo especial \u00e9nfasis en los valores humanos de la academia: el compa\u00f1erismo, la pasi\u00f3n, el esfuerzo y la diversi\u00f3n.<\/p>\n\n<figure class=\"wp-block-image size-full\"><img decoding=\"async\" width=\"866\" height=\"626\" src=\"https:\/\/www.wearensn.com\/wp-content\/uploads\/2024\/01\/240119_IA-Summer-Camp_C.jpg\" alt=\"\" class=\"wp-image-9473\" srcset=\"https:\/\/www.wearensn.com\/wp-content\/uploads\/2024\/01\/240119_IA-Summer-Camp_C.jpg 866w, https:\/\/www.wearensn.com\/wp-content\/uploads\/2024\/01\/240119_IA-Summer-Camp_C-300x217.jpg 300w, https:\/\/www.wearensn.com\/wp-content\/uploads\/2024\/01\/240119_IA-Summer-Camp_C-768x555.jpg 768w\" sizes=\"(max-width: 866px) 100vw, 866px\" \/><\/figure>\n\n<p class=\"wp-block-paragraph\">Con este campus y el compromiso de Iniesta Academy, los chicos y chicas podr\u00e1n mejorar su t\u00e9cnica de juego y potenciar cualidades que no solo se buscan en el deporte, sino que ser\u00e1n \u00fatiles en su d\u00eda a d\u00eda. Desde NSN, celebramos la llegada de la Iniesta Academy a Ll\u00edvia por segunda vez, ya que este programa les permitir\u00e1 vivir un verano inolvidable disfrutando del deporte que m\u00e1s les gusta y compartiendo experiencias con otros compa\u00f1eros que tienen la misma pasi\u00f3n.<\/p>\n\n<figure class=\"wp-block-image size-full\"><img decoding=\"async\" width=\"866\" height=\"626\" src=\"https:\/\/www.wearensn.com\/wp-content\/uploads\/2024\/01\/240119_IA-Summer-Camp_D.jpg\" alt=\"\" class=\"wp-image-9476\" srcset=\"https:\/\/www.wearensn.com\/wp-content\/uploads\/2024\/01\/240119_IA-Summer-Camp_D.jpg 866w, https:\/\/www.wearensn.com\/wp-content\/uploads\/2024\/01\/240119_IA-Summer-Camp_D-300x217.jpg 300w, https:\/\/www.wearensn.com\/wp-content\/uploads\/2024\/01\/240119_IA-Summer-Camp_D-768x555.jpg 768w\" sizes=\"(max-width: 866px) 100vw, 866px\" \/><\/figure>\n","protected":false},"excerpt":{"rendered":"<p>El campus de verano internacional de Iniesta Academy vuelve en julio de 2024 para que los m\u00e1s j\u00f3venes puedan desarrollar su potencial con la Metodolog\u00eda Iniesta El campus internacional de verano de Iniesta Academy aterriza en Ll\u00edvia por segundo a\u00f1o consecutivo. Ni\u00f1os y ni\u00f1as podr\u00e1n disfrutar en un ambiente ideal del mejor f\u00fatbol, una metodolog\u00eda [&hellip;]<\/p>\n","protected":false},"author":2,"featured_media":9466,"comment_status":"closed","ping_status":"closed","sticky":false,"template":"","format":"standard","meta":{"_acf_changed":false,"content-type":"","footnotes":""},"categories":[35],"tags":[],"class_list":["post-9482","post","type-post","status-publish","format-standard","has-post-thumbnail","hentry","category-football-properties-es"],"acf":[],"yoast_head":"<!-- This site is optimized with the Yoast SEO plugin v28.2 - https:\/\/yoast.com\/product\/yoast-seo-wordpress\/ -->\n<title>Iniesta Academy pone en marcha la segunda edici\u00f3n del Campus de Ll\u00edvia - We Are NSN<\/title>\n<meta name=\"description\" content=\"El campus internacional de verano de Iniesta Academy aterriza en Ll\u00edvia por segundo a\u00f1o consecutivo. Ni\u00f1os y ni\u00f1as podr\u00e1n disfrutar en un ambiente ideal del mejor f\u00fatbol, una metodolog\u00eda de juego incre\u00edble basada en la carrera del gran Andr\u00e9s Iniesta, referente mundial en este deporte, y el ADN Bar\u00e7a que ha marcado su trayectoria. En 2023, el Ayuntamiento de Ll\u00edvia firm\u00f3 un acuerdo junto a Iniesta Academy para que los pr\u00f3ximos 3 a\u00f1os el pueblo de los Pirineos sea la sede oficial del campus.\" \/>\n<meta name=\"robots\" content=\"index, follow, max-snippet:-1, max-image-preview:large, max-video-preview:-1\" \/>\n<link rel=\"canonical\" href=\"https:\/\/www.wearensn.com\/es\/iniesta-academy-pone-en-marcha-la-segunda-edicion-del-campus-de-llivia\/\" \/>\n<meta property=\"og:locale\" content=\"es_ES\" \/>\n<meta property=\"og:type\" content=\"article\" \/>\n<meta property=\"og:title\" content=\"Iniesta Academy pone en marcha la segunda edici\u00f3n del Campus de Ll\u00edvia - We Are NSN\" \/>\n<meta property=\"og:description\" content=\"El campus internacional de verano de Iniesta Academy aterriza en Ll\u00edvia por segundo a\u00f1o consecutivo. Ni\u00f1os y ni\u00f1as podr\u00e1n disfrutar en un ambiente ideal del mejor f\u00fatbol, una metodolog\u00eda de juego incre\u00edble basada en la carrera del gran Andr\u00e9s Iniesta, referente mundial en este deporte, y el ADN Bar\u00e7a que ha marcado su trayectoria. En 2023, el Ayuntamiento de Ll\u00edvia firm\u00f3 un acuerdo junto a Iniesta Academy para que los pr\u00f3ximos 3 a\u00f1os el pueblo de los Pirineos sea la sede oficial del campus.\" \/>\n<meta property=\"og:url\" content=\"https:\/\/www.wearensn.com\/es\/iniesta-academy-pone-en-marcha-la-segunda-edicion-del-campus-de-llivia\/\" \/>\n<meta property=\"og:site_name\" content=\"We Are NSN\" \/>\n<meta property=\"article:published_time\" content=\"2024-01-19T12:10:29+00:00\" \/>\n<meta property=\"article:modified_time\" content=\"2024-01-19T12:13:38+00:00\" \/>\n<meta property=\"og:image\" content=\"https:\/\/www.wearensn.com\/wp-content\/uploads\/2024\/01\/240119_IA-Summer-Camp.png\" \/>\n\t<meta property=\"og:image:width\" content=\"650\" \/>\n\t<meta property=\"og:image:height\" content=\"470\" \/>\n\t<meta property=\"og:image:type\" content=\"image\/png\" \/>\n<meta name=\"author\" content=\"gabry\" \/>\n<meta name=\"twitter:card\" content=\"summary_large_image\" \/>\n<meta name=\"twitter:label1\" content=\"Escrito por\" \/>\n\t<meta name=\"twitter:data1\" content=\"gabry\" \/>\n\t<meta name=\"twitter:label2\" content=\"Tiempo de lectura\" \/>\n\t<meta name=\"twitter:data2\" content=\"1 minuto\" \/>\n<script type=\"application\/ld+json\" class=\"yoast-schema-graph\">{\"@context\":\"https:\\\/\\\/schema.org\",\"@graph\":[{\"@type\":\"Article\",\"@id\":\"https:\\\/\\\/www.wearensn.com\\\/es\\\/iniesta-academy-pone-en-marcha-la-segunda-edicion-del-campus-de-llivia\\\/#article\",\"isPartOf\":{\"@id\":\"https:\\\/\\\/www.wearensn.com\\\/es\\\/iniesta-academy-pone-en-marcha-la-segunda-edicion-del-campus-de-llivia\\\/\"},\"author\":{\"name\":\"gabry\",\"@id\":\"https:\\\/\\\/www.wearensn.com\\\/es\\\/#\\\/schema\\\/person\\\/22f8e8e8f3b69ff3831e6874ae15c955\"},\"headline\":\"Iniesta Academy pone en marcha la segunda edici\u00f3n del Campus de Ll\u00edvia\",\"datePublished\":\"2024-01-19T12:10:29+00:00\",\"dateModified\":\"2024-01-19T12:13:38+00:00\",\"mainEntityOfPage\":{\"@id\":\"https:\\\/\\\/www.wearensn.com\\\/es\\\/iniesta-academy-pone-en-marcha-la-segunda-edicion-del-campus-de-llivia\\\/\"},\"wordCount\":300,\"publisher\":{\"@id\":\"https:\\\/\\\/www.wearensn.com\\\/es\\\/#organization\"},\"image\":{\"@id\":\"https:\\\/\\\/www.wearensn.com\\\/es\\\/iniesta-academy-pone-en-marcha-la-segunda-edicion-del-campus-de-llivia\\\/#primaryimage\"},\"thumbnailUrl\":\"https:\\\/\\\/www.wearensn.com\\\/wp-content\\\/uploads\\\/2024\\\/01\\\/240119_IA-Summer-Camp.png\",\"articleSection\":[\"Football Properties\"],\"inLanguage\":\"es\"},{\"@type\":\"WebPage\",\"@id\":\"https:\\\/\\\/www.wearensn.com\\\/es\\\/iniesta-academy-pone-en-marcha-la-segunda-edicion-del-campus-de-llivia\\\/\",\"url\":\"https:\\\/\\\/www.wearensn.com\\\/es\\\/iniesta-academy-pone-en-marcha-la-segunda-edicion-del-campus-de-llivia\\\/\",\"name\":\"Iniesta Academy pone en marcha la segunda edici\u00f3n del Campus de Ll\u00edvia - We Are NSN\",\"isPartOf\":{\"@id\":\"https:\\\/\\\/www.wearensn.com\\\/es\\\/#website\"},\"primaryImageOfPage\":{\"@id\":\"https:\\\/\\\/www.wearensn.com\\\/es\\\/iniesta-academy-pone-en-marcha-la-segunda-edicion-del-campus-de-llivia\\\/#primaryimage\"},\"image\":{\"@id\":\"https:\\\/\\\/www.wearensn.com\\\/es\\\/iniesta-academy-pone-en-marcha-la-segunda-edicion-del-campus-de-llivia\\\/#primaryimage\"},\"thumbnailUrl\":\"https:\\\/\\\/www.wearensn.com\\\/wp-content\\\/uploads\\\/2024\\\/01\\\/240119_IA-Summer-Camp.png\",\"datePublished\":\"2024-01-19T12:10:29+00:00\",\"dateModified\":\"2024-01-19T12:13:38+00:00\",\"description\":\"El campus internacional de verano de Iniesta Academy aterriza en Ll\u00edvia por segundo a\u00f1o consecutivo. Ni\u00f1os y ni\u00f1as podr\u00e1n disfrutar en un ambiente ideal del mejor f\u00fatbol, una metodolog\u00eda de juego incre\u00edble basada en la carrera del gran Andr\u00e9s Iniesta, referente mundial en este deporte, y el ADN Bar\u00e7a que ha marcado su trayectoria. En 2023, el Ayuntamiento de Ll\u00edvia firm\u00f3 un acuerdo junto a Iniesta Academy para que los pr\u00f3ximos 3 a\u00f1os el pueblo de los Pirineos sea la sede oficial del campus.\",\"breadcrumb\":{\"@id\":\"https:\\\/\\\/www.wearensn.com\\\/es\\\/iniesta-academy-pone-en-marcha-la-segunda-edicion-del-campus-de-llivia\\\/#breadcrumb\"},\"inLanguage\":\"es\",\"potentialAction\":[{\"@type\":\"ReadAction\",\"target\":[\"https:\\\/\\\/www.wearensn.com\\\/es\\\/iniesta-academy-pone-en-marcha-la-segunda-edicion-del-campus-de-llivia\\\/\"]}]},{\"@type\":\"ImageObject\",\"inLanguage\":\"es\",\"@id\":\"https:\\\/\\\/www.wearensn.com\\\/es\\\/iniesta-academy-pone-en-marcha-la-segunda-edicion-del-campus-de-llivia\\\/#primaryimage\",\"url\":\"https:\\\/\\\/www.wearensn.com\\\/wp-content\\\/uploads\\\/2024\\\/01\\\/240119_IA-Summer-Camp.png\",\"contentUrl\":\"https:\\\/\\\/www.wearensn.com\\\/wp-content\\\/uploads\\\/2024\\\/01\\\/240119_IA-Summer-Camp.png\",\"width\":650,\"height\":470},{\"@type\":\"BreadcrumbList\",\"@id\":\"https:\\\/\\\/www.wearensn.com\\\/es\\\/iniesta-academy-pone-en-marcha-la-segunda-edicion-del-campus-de-llivia\\\/#breadcrumb\",\"itemListElement\":[{\"@type\":\"ListItem\",\"position\":1,\"name\":\"Home\",\"item\":\"https:\\\/\\\/www.wearensn.com\\\/es\\\/home\\\/\"},{\"@type\":\"ListItem\",\"position\":2,\"name\":\"Iniesta Academy pone en marcha la segunda edici\u00f3n del Campus de Ll\u00edvia\"}]},{\"@type\":\"WebSite\",\"@id\":\"https:\\\/\\\/www.wearensn.com\\\/es\\\/#website\",\"url\":\"https:\\\/\\\/www.wearensn.com\\\/es\\\/\",\"name\":\"We Are NSN\",\"description\":\"Sports &amp; Entertainment\",\"publisher\":{\"@id\":\"https:\\\/\\\/www.wearensn.com\\\/es\\\/#organization\"},\"potentialAction\":[{\"@type\":\"SearchAction\",\"target\":{\"@type\":\"EntryPoint\",\"urlTemplate\":\"https:\\\/\\\/www.wearensn.com\\\/es\\\/?s={search_term_string}\"},\"query-input\":{\"@type\":\"PropertyValueSpecification\",\"valueRequired\":true,\"valueName\":\"search_term_string\"}}],\"inLanguage\":\"es\"},{\"@type\":\"Organization\",\"@id\":\"https:\\\/\\\/www.wearensn.com\\\/es\\\/#organization\",\"name\":\"We Are NSN\",\"url\":\"https:\\\/\\\/www.wearensn.com\\\/es\\\/\",\"logo\":{\"@type\":\"ImageObject\",\"inLanguage\":\"es\",\"@id\":\"https:\\\/\\\/www.wearensn.com\\\/es\\\/#\\\/schema\\\/logo\\\/image\\\/\",\"url\":\"https:\\\/\\\/www.wearensn.com\\\/wp-content\\\/uploads\\\/2023\\\/08\\\/cropped-Favicon-never-say-never.png\",\"contentUrl\":\"https:\\\/\\\/www.wearensn.com\\\/wp-content\\\/uploads\\\/2023\\\/08\\\/cropped-Favicon-never-say-never.png\",\"width\":512,\"height\":512,\"caption\":\"We Are NSN\"},\"image\":{\"@id\":\"https:\\\/\\\/www.wearensn.com\\\/es\\\/#\\\/schema\\\/logo\\\/image\\\/\"}},{\"@type\":\"Person\",\"@id\":\"https:\\\/\\\/www.wearensn.com\\\/es\\\/#\\\/schema\\\/person\\\/22f8e8e8f3b69ff3831e6874ae15c955\",\"name\":\"gabry\",\"image\":{\"@type\":\"ImageObject\",\"inLanguage\":\"es\",\"@id\":\"https:\\\/\\\/secure.gravatar.com\\\/avatar\\\/5845feb8e86d11b1fa6d4bc0763da5b96e39a5d42f509a6ca6f5174c23200efb?s=96&d=mm&r=g\",\"url\":\"https:\\\/\\\/secure.gravatar.com\\\/avatar\\\/5845feb8e86d11b1fa6d4bc0763da5b96e39a5d42f509a6ca6f5174c23200efb?s=96&d=mm&r=g\",\"contentUrl\":\"https:\\\/\\\/secure.gravatar.com\\\/avatar\\\/5845feb8e86d11b1fa6d4bc0763da5b96e39a5d42f509a6ca6f5174c23200efb?s=96&d=mm&r=g\",\"caption\":\"gabry\"},\"url\":\"https:\\\/\\\/www.wearensn.com\\\/es\\\/author\\\/gabry\\\/\"}]}<\/script>\n<!-- \/ Yoast SEO plugin. -->","yoast_head_json":{"title":"Iniesta Academy pone en marcha la segunda edici\u00f3n del Campus de Ll\u00edvia - We Are NSN","description":"El campus internacional de verano de Iniesta Academy aterriza en Ll\u00edvia por segundo a\u00f1o consecutivo. Ni\u00f1os y ni\u00f1as podr\u00e1n disfrutar en un ambiente ideal del mejor f\u00fatbol, una metodolog\u00eda de juego incre\u00edble basada en la carrera del gran Andr\u00e9s Iniesta, referente mundial en este deporte, y el ADN Bar\u00e7a que ha marcado su trayectoria. En 2023, el Ayuntamiento de Ll\u00edvia firm\u00f3 un acuerdo junto a Iniesta Academy para que los pr\u00f3ximos 3 a\u00f1os el pueblo de los Pirineos sea la sede oficial del campus.","robots":{"index":"index","follow":"follow","max-snippet":"max-snippet:-1","max-image-preview":"max-image-preview:large","max-video-preview":"max-video-preview:-1"},"canonical":"https:\/\/www.wearensn.com\/es\/iniesta-academy-pone-en-marcha-la-segunda-edicion-del-campus-de-llivia\/","og_locale":"es_ES","og_type":"article","og_title":"Iniesta Academy pone en marcha la segunda edici\u00f3n del Campus de Ll\u00edvia - We Are NSN","og_description":"El campus internacional de verano de Iniesta Academy aterriza en Ll\u00edvia por segundo a\u00f1o consecutivo. Ni\u00f1os y ni\u00f1as podr\u00e1n disfrutar en un ambiente ideal del mejor f\u00fatbol, una metodolog\u00eda de juego incre\u00edble basada en la carrera del gran Andr\u00e9s Iniesta, referente mundial en este deporte, y el ADN Bar\u00e7a que ha marcado su trayectoria. En 2023, el Ayuntamiento de Ll\u00edvia firm\u00f3 un acuerdo junto a Iniesta Academy para que los pr\u00f3ximos 3 a\u00f1os el pueblo de los Pirineos sea la sede oficial del campus.","og_url":"https:\/\/www.wearensn.com\/es\/iniesta-academy-pone-en-marcha-la-segunda-edicion-del-campus-de-llivia\/","og_site_name":"We Are NSN","article_published_time":"2024-01-19T12:10:29+00:00","article_modified_time":"2024-01-19T12:13:38+00:00","og_image":[{"width":650,"height":470,"url":"https:\/\/www.wearensn.com\/wp-content\/uploads\/2024\/01\/240119_IA-Summer-Camp.png","type":"image\/png"}],"author":"gabry","twitter_card":"summary_large_image","twitter_misc":{"Escrito por":"gabry","Tiempo de lectura":"1 minuto"},"schema":{"@context":"https:\/\/schema.org","@graph":[{"@type":"Article","@id":"https:\/\/www.wearensn.com\/es\/iniesta-academy-pone-en-marcha-la-segunda-edicion-del-campus-de-llivia\/#article","isPartOf":{"@id":"https:\/\/www.wearensn.com\/es\/iniesta-academy-pone-en-marcha-la-segunda-edicion-del-campus-de-llivia\/"},"author":{"name":"gabry","@id":"https:\/\/www.wearensn.com\/es\/#\/schema\/person\/22f8e8e8f3b69ff3831e6874ae15c955"},"headline":"Iniesta Academy pone en marcha la segunda edici\u00f3n del Campus de Ll\u00edvia","datePublished":"2024-01-19T12:10:29+00:00","dateModified":"2024-01-19T12:13:38+00:00","mainEntityOfPage":{"@id":"https:\/\/www.wearensn.com\/es\/iniesta-academy-pone-en-marcha-la-segunda-edicion-del-campus-de-llivia\/"},"wordCount":300,"publisher":{"@id":"https:\/\/www.wearensn.com\/es\/#organization"},"image":{"@id":"https:\/\/www.wearensn.com\/es\/iniesta-academy-pone-en-marcha-la-segunda-edicion-del-campus-de-llivia\/#primaryimage"},"thumbnailUrl":"https:\/\/www.wearensn.com\/wp-content\/uploads\/2024\/01\/240119_IA-Summer-Camp.png","articleSection":["Football Properties"],"inLanguage":"es"},{"@type":"WebPage","@id":"https:\/\/www.wearensn.com\/es\/iniesta-academy-pone-en-marcha-la-segunda-edicion-del-campus-de-llivia\/","url":"https:\/\/www.wearensn.com\/es\/iniesta-academy-pone-en-marcha-la-segunda-edicion-del-campus-de-llivia\/","name":"Iniesta Academy pone en marcha la segunda edici\u00f3n del Campus de Ll\u00edvia - We Are NSN","isPartOf":{"@id":"https:\/\/www.wearensn.com\/es\/#website"},"primaryImageOfPage":{"@id":"https:\/\/www.wearensn.com\/es\/iniesta-academy-pone-en-marcha-la-segunda-edicion-del-campus-de-llivia\/#primaryimage"},"image":{"@id":"https:\/\/www.wearensn.com\/es\/iniesta-academy-pone-en-marcha-la-segunda-edicion-del-campus-de-llivia\/#primaryimage"},"thumbnailUrl":"https:\/\/www.wearensn.com\/wp-content\/uploads\/2024\/01\/240119_IA-Summer-Camp.png","datePublished":"2024-01-19T12:10:29+00:00","dateModified":"2024-01-19T12:13:38+00:00","description":"El campus internacional de verano de Iniesta Academy aterriza en Ll\u00edvia por segundo a\u00f1o consecutivo. Ni\u00f1os y ni\u00f1as podr\u00e1n disfrutar en un ambiente ideal del mejor f\u00fatbol, una metodolog\u00eda de juego incre\u00edble basada en la carrera del gran Andr\u00e9s Iniesta, referente mundial en este deporte, y el ADN Bar\u00e7a que ha marcado su trayectoria. En 2023, el Ayuntamiento de Ll\u00edvia firm\u00f3 un acuerdo junto a Iniesta Academy para que los pr\u00f3ximos 3 a\u00f1os el pueblo de los Pirineos sea la sede oficial del campus.","breadcrumb":{"@id":"https:\/\/www.wearensn.com\/es\/iniesta-academy-pone-en-marcha-la-segunda-edicion-del-campus-de-llivia\/#breadcrumb"},"inLanguage":"es","potentialAction":[{"@type":"ReadAction","target":["https:\/\/www.wearensn.com\/es\/iniesta-academy-pone-en-marcha-la-segunda-edicion-del-campus-de-llivia\/"]}]},{"@type":"ImageObject","inLanguage":"es","@id":"https:\/\/www.wearensn.com\/es\/iniesta-academy-pone-en-marcha-la-segunda-edicion-del-campus-de-llivia\/#primaryimage","url":"https:\/\/www.wearensn.com\/wp-content\/uploads\/2024\/01\/240119_IA-Summer-Camp.png","contentUrl":"https:\/\/www.wearensn.com\/wp-content\/uploads\/2024\/01\/240119_IA-Summer-Camp.png","width":650,"height":470},{"@type":"BreadcrumbList","@id":"https:\/\/www.wearensn.com\/es\/iniesta-academy-pone-en-marcha-la-segunda-edicion-del-campus-de-llivia\/#breadcrumb","itemListElement":[{"@type":"ListItem","position":1,"name":"Home","item":"https:\/\/www.wearensn.com\/es\/home\/"},{"@type":"ListItem","position":2,"name":"Iniesta Academy pone en marcha la segunda edici\u00f3n del Campus de Ll\u00edvia"}]},{"@type":"WebSite","@id":"https:\/\/www.wearensn.com\/es\/#website","url":"https:\/\/www.wearensn.com\/es\/","name":"We Are NSN","description":"Sports &amp; Entertainment","publisher":{"@id":"https:\/\/www.wearensn.com\/es\/#organization"},"potentialAction":[{"@type":"SearchAction","target":{"@type":"EntryPoint","urlTemplate":"https:\/\/www.wearensn.com\/es\/?s={search_term_string}"},"query-input":{"@type":"PropertyValueSpecification","valueRequired":true,"valueName":"search_term_string"}}],"inLanguage":"es"},{"@type":"Organization","@id":"https:\/\/www.wearensn.com\/es\/#organization","name":"We Are NSN","url":"https:\/\/www.wearensn.com\/es\/","logo":{"@type":"ImageObject","inLanguage":"es","@id":"https:\/\/www.wearensn.com\/es\/#\/schema\/logo\/image\/","url":"https:\/\/www.wearensn.com\/wp-content\/uploads\/2023\/08\/cropped-Favicon-never-say-never.png","contentUrl":"https:\/\/www.wearensn.com\/wp-content\/uploads\/2023\/08\/cropped-Favicon-never-say-never.png","width":512,"height":512,"caption":"We Are NSN"},"image":{"@id":"https:\/\/www.wearensn.com\/es\/#\/schema\/logo\/image\/"}},{"@type":"Person","@id":"https:\/\/www.wearensn.com\/es\/#\/schema\/person\/22f8e8e8f3b69ff3831e6874ae15c955","name":"gabry","image":{"@type":"ImageObject","inLanguage":"es","@id":"https:\/\/secure.gravatar.com\/avatar\/5845feb8e86d11b1fa6d4bc0763da5b96e39a5d42f509a6ca6f5174c23200efb?s=96&d=mm&r=g","url":"https:\/\/secure.gravatar.com\/avatar\/5845feb8e86d11b1fa6d4bc0763da5b96e39a5d42f509a6ca6f5174c23200efb?s=96&d=mm&r=g","contentUrl":"https:\/\/secure.gravatar.com\/avatar\/5845feb8e86d11b1fa6d4bc0763da5b96e39a5d42f509a6ca6f5174c23200efb?s=96&d=mm&r=g","caption":"gabry"},"url":"https:\/\/www.wearensn.com\/es\/author\/gabry\/"}]}},"_links":{"self":[{"href":"https:\/\/www.wearensn.com\/es\/wp-json\/wp\/v2\/posts\/9482","targetHints":{"allow":["GET"]}}],"collection":[{"href":"https:\/\/www.wearensn.com\/es\/wp-json\/wp\/v2\/posts"}],"about":[{"href":"https:\/\/www.wearensn.com\/es\/wp-json\/wp\/v2\/types\/post"}],"author":[{"embeddable":true,"href":"https:\/\/www.wearensn.com\/es\/wp-json\/wp\/v2\/users\/2"}],"replies":[{"embeddable":true,"href":"https:\/\/www.wearensn.com\/es\/wp-json\/wp\/v2\/comments?post=9482"}],"version-history":[{"count":5,"href":"https:\/\/www.wearensn.com\/es\/wp-json\/wp\/v2\/posts\/9482\/revisions"}],"predecessor-version":[{"id":9487,"href":"https:\/\/www.wearensn.com\/es\/wp-json\/wp\/v2\/posts\/9482\/revisions\/9487"}],"wp:featuredmedia":[{"embeddable":true,"href":"https:\/\/www.wearensn.com\/es\/wp-json\/wp\/v2\/media\/9466"}],"wp:attachment":[{"href":"https:\/\/www.wearensn.com\/es\/wp-json\/wp\/v2\/media?parent=9482"}],"wp:term":[{"taxonomy":"category","embeddable":true,"href":"https:\/\/www.wearensn.com\/es\/wp-json\/wp\/v2\/categories?post=9482"},{"taxonomy":"post_tag","embeddable":true,"href":"https:\/\/www.wearensn.com\/es\/wp-json\/wp\/v2\/tags?post=9482"}],"curies":[{"name":"wp","href":"https:\/\/api.w.org\/{rel}","templated":true}]}}