{"id":8837,"date":"2023-11-28T14:56:51","date_gmt":"2023-11-28T14:56:51","guid":{"rendered":"https:\/\/www.wearensn.com\/?p=8837"},"modified":"2023-12-01T08:11:41","modified_gmt":"2023-12-01T08:11:41","slug":"nsn-une-motor-y-musica-con-la-celebracion-de-la-primera-edicion-de-motogp-beats-lights-out-gala","status":"publish","type":"post","link":"https:\/\/www.wearensn.com\/es\/nsn-une-motor-y-musica-con-la-celebracion-de-la-primera-edicion-de-motogp-beats-lights-out-gala\/","title":{"rendered":"NSN une motor y m\u00fasica con la celebraci\u00f3n de la primera edici\u00f3n de MotoGP\u2122 Beats Lights Out Gala"},"content":{"rendered":"\n<p>NSN, de la mano de nuestro partner Dorna Sports, ha ideado y organizado en Valencia la MotoGP\u2122 Beats Lights Out Gala con la participaci\u00f3n de los campeones del Mundial de Motociclismo y la artista espa\u00f1ola Ana Mena, ganadora del premio Mejor Artista Espa\u00f1ola 2023 de Los40 Music Awards. Un evento innovador que rompi\u00f3 esquemas al abrir, por primera vez, las puertas de la ceremonia de entrega de premios al p\u00fablico.<\/p>\n\n<figure class=\"wp-block-image size-full\"><img fetchpriority=\"high\" decoding=\"async\" width=\"866\" height=\"626\" src=\"https:\/\/www.wearensn.com\/wp-content\/uploads\/2023\/11\/24-2-3-1.jpg\" alt=\"\" class=\"wp-image-8850\" srcset=\"https:\/\/www.wearensn.com\/wp-content\/uploads\/2023\/11\/24-2-3-1.jpg 866w, https:\/\/www.wearensn.com\/wp-content\/uploads\/2023\/11\/24-2-3-1-768x555.jpg 768w\" sizes=\"(max-width: 866px) 100vw, 866px\" \/><\/figure>\n\n<p>La primera edici\u00f3n de la MotoGP\u2122 BEATS Lights Out Gala puso el broche de oro a la temporada de MotoGP\u2122, Moto2\u2122 y Moto3\u2122. Se trata de una apuesta de NSN junto a Dorna para modernizar la ceremonia de entrega de premios y abrirla a los fans. Desde este a\u00f1o, los aficionados tienen acceso a una experiencia \u00fanica, no solo como espectadores de la gala de premios, sino tambi\u00e9n como part\u00edcipes de una concierto con artistas de renombre.<\/p>\n\n<figure class=\"wp-block-image size-full\"><img decoding=\"async\" width=\"866\" height=\"626\" src=\"https:\/\/www.wearensn.com\/wp-content\/uploads\/2023\/11\/24-2-8.jpg\" alt=\"\" class=\"wp-image-8841\" srcset=\"https:\/\/www.wearensn.com\/wp-content\/uploads\/2023\/11\/24-2-8.jpg 866w, https:\/\/www.wearensn.com\/wp-content\/uploads\/2023\/11\/24-2-8-768x555.jpg 768w\" sizes=\"(max-width: 866px) 100vw, 866px\" \/><\/figure>\n\n<p>Todos los pilotos ganadores de MotoGP\u2122, Moto2\u2122 y Moto3\u2122 pasaron por la alfombra roja, donde tambi\u00e9n vimos al piloto espa\u00f1ol Marc M\u00e1rquez y a ex pilotos como Valentino Rossi. Los deportistas se unieron a influencers como Melodie Pe\u00f1alver, Tatiana Kaer y Roc\u00edo Camacho, y socialit\u00e9s como Victoria Federica, que disfrutaron de una velada \u00fanica junto a otros 6000 asistentes.<\/p>\n\n<p>Desde NSN queremos expresar nuestro agradecimiento a todos los que se unieron en Valencia para vivir en primera fila la fusi\u00f3n de m\u00fasica y motor. Tambi\u00e9n extendemos nuestro agradecimiento a nuestro partner Dorna por su colaboraci\u00f3n y no podemos esperar para seguir colaborando en futuros eventos que prometen ser igual de emocionantes.<\/p>\n\n<figure class=\"wp-block-image size-full\"><img decoding=\"async\" width=\"866\" height=\"626\" src=\"https:\/\/www.wearensn.com\/wp-content\/uploads\/2023\/11\/24-2-1-1.jpg\" alt=\"\" class=\"wp-image-8844\" srcset=\"https:\/\/www.wearensn.com\/wp-content\/uploads\/2023\/11\/24-2-1-1.jpg 866w, https:\/\/www.wearensn.com\/wp-content\/uploads\/2023\/11\/24-2-1-1-768x555.jpg 768w\" sizes=\"(max-width: 866px) 100vw, 866px\" \/><\/figure>\n","protected":false},"excerpt":{"rendered":"<p>NSN, de la mano de nuestro partner Dorna Sports, ha ideado y organizado en Valencia la MotoGP\u2122 Beats Lights Out Gala con la participaci\u00f3n de los campeones del Mundial de Motociclismo y la artista espa\u00f1ola Ana Mena, ganadora del premio Mejor Artista Espa\u00f1ola 2023 de Los40 Music Awards. Un evento innovador que rompi\u00f3 esquemas al [&hellip;]<\/p>\n","protected":false},"author":1,"featured_media":8914,"comment_status":"closed","ping_status":"closed","sticky":false,"template":"","format":"standard","meta":{"_acf_changed":false,"content-type":"","footnotes":""},"categories":[33],"tags":[],"class_list":["post-8837","post","type-post","status-publish","format-standard","has-post-thumbnail","hentry","category-live-experiences-es"],"acf":[],"yoast_head":"<!-- This site is optimized with the Yoast SEO plugin v27.1.1 - https:\/\/yoast.com\/product\/yoast-seo-wordpress\/ -->\n<title>NSN une motor y m\u00fasica con la celebraci\u00f3n de la primera edici\u00f3n de MotoGP\u2122 Beats Lights Out Gala - We Are NSN<\/title>\n<meta name=\"description\" content=\"NSN, de la mano de nuestro partner Dorna Sports, ha ideado y organizado en Valencia la MotoGP\u2122 Beats Lights Out Gala con la participaci\u00f3n de los campeones del Mundial de Motociclismo y la artista espa\u00f1ola Ana Mena, ganadora del premio Mejor Artista Espa\u00f1ola 2023 de Los40 Music Awards.\" \/>\n<meta name=\"robots\" content=\"index, follow, max-snippet:-1, max-image-preview:large, max-video-preview:-1\" \/>\n<link rel=\"canonical\" href=\"https:\/\/www.wearensn.com\/es\/nsn-une-motor-y-musica-con-la-celebracion-de-la-primera-edicion-de-motogp-beats-lights-out-gala\/\" \/>\n<meta property=\"og:locale\" content=\"es_ES\" \/>\n<meta property=\"og:type\" content=\"article\" \/>\n<meta property=\"og:title\" content=\"NSN une motor y m\u00fasica con la celebraci\u00f3n de la primera edici\u00f3n de MotoGP\u2122 Beats Lights Out Gala - We Are NSN\" \/>\n<meta property=\"og:description\" content=\"NSN, de la mano de nuestro partner Dorna Sports, ha ideado y organizado en Valencia la MotoGP\u2122 Beats Lights Out Gala con la participaci\u00f3n de los campeones del Mundial de Motociclismo y la artista espa\u00f1ola Ana Mena, ganadora del premio Mejor Artista Espa\u00f1ola 2023 de Los40 Music Awards.\" \/>\n<meta property=\"og:url\" content=\"https:\/\/www.wearensn.com\/es\/nsn-une-motor-y-musica-con-la-celebracion-de-la-primera-edicion-de-motogp-beats-lights-out-gala\/\" \/>\n<meta property=\"og:site_name\" content=\"We Are NSN\" \/>\n<meta property=\"article:published_time\" content=\"2023-11-28T14:56:51+00:00\" \/>\n<meta property=\"article:modified_time\" content=\"2023-12-01T08:11:41+00:00\" \/>\n<meta property=\"og:image\" content=\"https:\/\/www.wearensn.com\/wp-content\/uploads\/2023\/11\/24-2-9.jpg\" \/>\n\t<meta property=\"og:image:width\" content=\"650\" \/>\n\t<meta property=\"og:image:height\" content=\"470\" \/>\n\t<meta property=\"og:image:type\" content=\"image\/jpeg\" \/>\n<meta name=\"author\" content=\"admin\" \/>\n<meta name=\"twitter:card\" content=\"summary_large_image\" \/>\n<meta name=\"twitter:label1\" content=\"Escrito por\" \/>\n\t<meta name=\"twitter:data1\" content=\"admin\" \/>\n\t<meta name=\"twitter:label2\" content=\"Tiempo de lectura\" \/>\n\t<meta name=\"twitter:data2\" content=\"1 minuto\" \/>\n<script type=\"application\/ld+json\" class=\"yoast-schema-graph\">{\"@context\":\"https:\/\/schema.org\",\"@graph\":[{\"@type\":\"Article\",\"@id\":\"https:\/\/www.wearensn.com\/es\/nsn-une-motor-y-musica-con-la-celebracion-de-la-primera-edicion-de-motogp-beats-lights-out-gala\/#article\",\"isPartOf\":{\"@id\":\"https:\/\/www.wearensn.com\/es\/nsn-une-motor-y-musica-con-la-celebracion-de-la-primera-edicion-de-motogp-beats-lights-out-gala\/\"},\"author\":{\"name\":\"admin\",\"@id\":\"https:\/\/www.wearensn.com\/es\/#\/schema\/person\/ec9b85583f2ab426f24c3d44220ea7b4\"},\"headline\":\"NSN une motor y m\u00fasica con la celebraci\u00f3n de la primera edici\u00f3n de MotoGP\u2122 Beats Lights Out Gala\",\"datePublished\":\"2023-11-28T14:56:51+00:00\",\"dateModified\":\"2023-12-01T08:11:41+00:00\",\"mainEntityOfPage\":{\"@id\":\"https:\/\/www.wearensn.com\/es\/nsn-une-motor-y-musica-con-la-celebracion-de-la-primera-edicion-de-motogp-beats-lights-out-gala\/\"},\"wordCount\":295,\"publisher\":{\"@id\":\"https:\/\/www.wearensn.com\/es\/#organization\"},\"image\":{\"@id\":\"https:\/\/www.wearensn.com\/es\/nsn-une-motor-y-musica-con-la-celebracion-de-la-primera-edicion-de-motogp-beats-lights-out-gala\/#primaryimage\"},\"thumbnailUrl\":\"https:\/\/www.wearensn.com\/wp-content\/uploads\/2023\/11\/24-2-9.jpg\",\"articleSection\":[\"Live Experiences\"],\"inLanguage\":\"es\"},{\"@type\":\"WebPage\",\"@id\":\"https:\/\/www.wearensn.com\/es\/nsn-une-motor-y-musica-con-la-celebracion-de-la-primera-edicion-de-motogp-beats-lights-out-gala\/\",\"url\":\"https:\/\/www.wearensn.com\/es\/nsn-une-motor-y-musica-con-la-celebracion-de-la-primera-edicion-de-motogp-beats-lights-out-gala\/\",\"name\":\"NSN une motor y m\u00fasica con la celebraci\u00f3n de la primera edici\u00f3n de MotoGP\u2122 Beats Lights Out Gala - We Are NSN\",\"isPartOf\":{\"@id\":\"https:\/\/www.wearensn.com\/es\/#website\"},\"primaryImageOfPage\":{\"@id\":\"https:\/\/www.wearensn.com\/es\/nsn-une-motor-y-musica-con-la-celebracion-de-la-primera-edicion-de-motogp-beats-lights-out-gala\/#primaryimage\"},\"image\":{\"@id\":\"https:\/\/www.wearensn.com\/es\/nsn-une-motor-y-musica-con-la-celebracion-de-la-primera-edicion-de-motogp-beats-lights-out-gala\/#primaryimage\"},\"thumbnailUrl\":\"https:\/\/www.wearensn.com\/wp-content\/uploads\/2023\/11\/24-2-9.jpg\",\"datePublished\":\"2023-11-28T14:56:51+00:00\",\"dateModified\":\"2023-12-01T08:11:41+00:00\",\"description\":\"NSN, de la mano de nuestro partner Dorna Sports, ha ideado y organizado en Valencia la MotoGP\u2122 Beats Lights Out Gala con la participaci\u00f3n de los campeones del Mundial de Motociclismo y la artista espa\u00f1ola Ana Mena, ganadora del premio Mejor Artista Espa\u00f1ola 2023 de Los40 Music Awards.\",\"breadcrumb\":{\"@id\":\"https:\/\/www.wearensn.com\/es\/nsn-une-motor-y-musica-con-la-celebracion-de-la-primera-edicion-de-motogp-beats-lights-out-gala\/#breadcrumb\"},\"inLanguage\":\"es\",\"potentialAction\":[{\"@type\":\"ReadAction\",\"target\":[\"https:\/\/www.wearensn.com\/es\/nsn-une-motor-y-musica-con-la-celebracion-de-la-primera-edicion-de-motogp-beats-lights-out-gala\/\"]}]},{\"@type\":\"ImageObject\",\"inLanguage\":\"es\",\"@id\":\"https:\/\/www.wearensn.com\/es\/nsn-une-motor-y-musica-con-la-celebracion-de-la-primera-edicion-de-motogp-beats-lights-out-gala\/#primaryimage\",\"url\":\"https:\/\/www.wearensn.com\/wp-content\/uploads\/2023\/11\/24-2-9.jpg\",\"contentUrl\":\"https:\/\/www.wearensn.com\/wp-content\/uploads\/2023\/11\/24-2-9.jpg\",\"width\":650,\"height\":470},{\"@type\":\"BreadcrumbList\",\"@id\":\"https:\/\/www.wearensn.com\/es\/nsn-une-motor-y-musica-con-la-celebracion-de-la-primera-edicion-de-motogp-beats-lights-out-gala\/#breadcrumb\",\"itemListElement\":[{\"@type\":\"ListItem\",\"position\":1,\"name\":\"Home\",\"item\":\"https:\/\/www.wearensn.com\/es\/home\/\"},{\"@type\":\"ListItem\",\"position\":2,\"name\":\"NSN une motor y m\u00fasica con la celebraci\u00f3n de la primera edici\u00f3n de MotoGP\u2122 Beats Lights Out Gala\"}]},{\"@type\":\"WebSite\",\"@id\":\"https:\/\/www.wearensn.com\/es\/#website\",\"url\":\"https:\/\/www.wearensn.com\/es\/\",\"name\":\"We Are NSN\",\"description\":\"Sports &amp; Entertainment\",\"publisher\":{\"@id\":\"https:\/\/www.wearensn.com\/es\/#organization\"},\"potentialAction\":[{\"@type\":\"SearchAction\",\"target\":{\"@type\":\"EntryPoint\",\"urlTemplate\":\"https:\/\/www.wearensn.com\/es\/?s={search_term_string}\"},\"query-input\":{\"@type\":\"PropertyValueSpecification\",\"valueRequired\":true,\"valueName\":\"search_term_string\"}}],\"inLanguage\":\"es\"},{\"@type\":\"Organization\",\"@id\":\"https:\/\/www.wearensn.com\/es\/#organization\",\"name\":\"We Are NSN\",\"url\":\"https:\/\/www.wearensn.com\/es\/\",\"logo\":{\"@type\":\"ImageObject\",\"inLanguage\":\"es\",\"@id\":\"https:\/\/www.wearensn.com\/es\/#\/schema\/logo\/image\/\",\"url\":\"https:\/\/www.wearensn.com\/wp-content\/uploads\/2023\/08\/cropped-Favicon-never-say-never.png\",\"contentUrl\":\"https:\/\/www.wearensn.com\/wp-content\/uploads\/2023\/08\/cropped-Favicon-never-say-never.png\",\"width\":512,\"height\":512,\"caption\":\"We Are NSN\"},\"image\":{\"@id\":\"https:\/\/www.wearensn.com\/es\/#\/schema\/logo\/image\/\"}},{\"@type\":\"Person\",\"@id\":\"https:\/\/www.wearensn.com\/es\/#\/schema\/person\/ec9b85583f2ab426f24c3d44220ea7b4\",\"name\":\"admin\",\"image\":{\"@type\":\"ImageObject\",\"inLanguage\":\"es\",\"@id\":\"https:\/\/www.wearensn.com\/es\/#\/schema\/person\/image\/\",\"url\":\"https:\/\/secure.gravatar.com\/avatar\/c5f0e1885a5e8b1905135a235b43a55295743b0046eb0eeb42d4df7a2ef37366?s=96&d=mm&r=g\",\"contentUrl\":\"https:\/\/secure.gravatar.com\/avatar\/c5f0e1885a5e8b1905135a235b43a55295743b0046eb0eeb42d4df7a2ef37366?s=96&d=mm&r=g\",\"caption\":\"admin\"},\"sameAs\":[\"https:\/\/staging.wearensn.com\"],\"url\":\"https:\/\/www.wearensn.com\/es\/author\/staging_nsn\/\"}]}<\/script>\n<!-- \/ Yoast SEO plugin. -->","yoast_head_json":{"title":"NSN une motor y m\u00fasica con la celebraci\u00f3n de la primera edici\u00f3n de MotoGP\u2122 Beats Lights Out Gala - We Are NSN","description":"NSN, de la mano de nuestro partner Dorna Sports, ha ideado y organizado en Valencia la MotoGP\u2122 Beats Lights Out Gala con la participaci\u00f3n de los campeones del Mundial de Motociclismo y la artista espa\u00f1ola Ana Mena, ganadora del premio Mejor Artista Espa\u00f1ola 2023 de Los40 Music Awards.","robots":{"index":"index","follow":"follow","max-snippet":"max-snippet:-1","max-image-preview":"max-image-preview:large","max-video-preview":"max-video-preview:-1"},"canonical":"https:\/\/www.wearensn.com\/es\/nsn-une-motor-y-musica-con-la-celebracion-de-la-primera-edicion-de-motogp-beats-lights-out-gala\/","og_locale":"es_ES","og_type":"article","og_title":"NSN une motor y m\u00fasica con la celebraci\u00f3n de la primera edici\u00f3n de MotoGP\u2122 Beats Lights Out Gala - We Are NSN","og_description":"NSN, de la mano de nuestro partner Dorna Sports, ha ideado y organizado en Valencia la MotoGP\u2122 Beats Lights Out Gala con la participaci\u00f3n de los campeones del Mundial de Motociclismo y la artista espa\u00f1ola Ana Mena, ganadora del premio Mejor Artista Espa\u00f1ola 2023 de Los40 Music Awards.","og_url":"https:\/\/www.wearensn.com\/es\/nsn-une-motor-y-musica-con-la-celebracion-de-la-primera-edicion-de-motogp-beats-lights-out-gala\/","og_site_name":"We Are NSN","article_published_time":"2023-11-28T14:56:51+00:00","article_modified_time":"2023-12-01T08:11:41+00:00","og_image":[{"width":650,"height":470,"url":"https:\/\/www.wearensn.com\/wp-content\/uploads\/2023\/11\/24-2-9.jpg","type":"image\/jpeg"}],"author":"admin","twitter_card":"summary_large_image","twitter_misc":{"Escrito por":"admin","Tiempo de lectura":"1 minuto"},"schema":{"@context":"https:\/\/schema.org","@graph":[{"@type":"Article","@id":"https:\/\/www.wearensn.com\/es\/nsn-une-motor-y-musica-con-la-celebracion-de-la-primera-edicion-de-motogp-beats-lights-out-gala\/#article","isPartOf":{"@id":"https:\/\/www.wearensn.com\/es\/nsn-une-motor-y-musica-con-la-celebracion-de-la-primera-edicion-de-motogp-beats-lights-out-gala\/"},"author":{"name":"admin","@id":"https:\/\/www.wearensn.com\/es\/#\/schema\/person\/ec9b85583f2ab426f24c3d44220ea7b4"},"headline":"NSN une motor y m\u00fasica con la celebraci\u00f3n de la primera edici\u00f3n de MotoGP\u2122 Beats Lights Out Gala","datePublished":"2023-11-28T14:56:51+00:00","dateModified":"2023-12-01T08:11:41+00:00","mainEntityOfPage":{"@id":"https:\/\/www.wearensn.com\/es\/nsn-une-motor-y-musica-con-la-celebracion-de-la-primera-edicion-de-motogp-beats-lights-out-gala\/"},"wordCount":295,"publisher":{"@id":"https:\/\/www.wearensn.com\/es\/#organization"},"image":{"@id":"https:\/\/www.wearensn.com\/es\/nsn-une-motor-y-musica-con-la-celebracion-de-la-primera-edicion-de-motogp-beats-lights-out-gala\/#primaryimage"},"thumbnailUrl":"https:\/\/www.wearensn.com\/wp-content\/uploads\/2023\/11\/24-2-9.jpg","articleSection":["Live Experiences"],"inLanguage":"es"},{"@type":"WebPage","@id":"https:\/\/www.wearensn.com\/es\/nsn-une-motor-y-musica-con-la-celebracion-de-la-primera-edicion-de-motogp-beats-lights-out-gala\/","url":"https:\/\/www.wearensn.com\/es\/nsn-une-motor-y-musica-con-la-celebracion-de-la-primera-edicion-de-motogp-beats-lights-out-gala\/","name":"NSN une motor y m\u00fasica con la celebraci\u00f3n de la primera edici\u00f3n de MotoGP\u2122 Beats Lights Out Gala - We Are NSN","isPartOf":{"@id":"https:\/\/www.wearensn.com\/es\/#website"},"primaryImageOfPage":{"@id":"https:\/\/www.wearensn.com\/es\/nsn-une-motor-y-musica-con-la-celebracion-de-la-primera-edicion-de-motogp-beats-lights-out-gala\/#primaryimage"},"image":{"@id":"https:\/\/www.wearensn.com\/es\/nsn-une-motor-y-musica-con-la-celebracion-de-la-primera-edicion-de-motogp-beats-lights-out-gala\/#primaryimage"},"thumbnailUrl":"https:\/\/www.wearensn.com\/wp-content\/uploads\/2023\/11\/24-2-9.jpg","datePublished":"2023-11-28T14:56:51+00:00","dateModified":"2023-12-01T08:11:41+00:00","description":"NSN, de la mano de nuestro partner Dorna Sports, ha ideado y organizado en Valencia la MotoGP\u2122 Beats Lights Out Gala con la participaci\u00f3n de los campeones del Mundial de Motociclismo y la artista espa\u00f1ola Ana Mena, ganadora del premio Mejor Artista Espa\u00f1ola 2023 de Los40 Music Awards.","breadcrumb":{"@id":"https:\/\/www.wearensn.com\/es\/nsn-une-motor-y-musica-con-la-celebracion-de-la-primera-edicion-de-motogp-beats-lights-out-gala\/#breadcrumb"},"inLanguage":"es","potentialAction":[{"@type":"ReadAction","target":["https:\/\/www.wearensn.com\/es\/nsn-une-motor-y-musica-con-la-celebracion-de-la-primera-edicion-de-motogp-beats-lights-out-gala\/"]}]},{"@type":"ImageObject","inLanguage":"es","@id":"https:\/\/www.wearensn.com\/es\/nsn-une-motor-y-musica-con-la-celebracion-de-la-primera-edicion-de-motogp-beats-lights-out-gala\/#primaryimage","url":"https:\/\/www.wearensn.com\/wp-content\/uploads\/2023\/11\/24-2-9.jpg","contentUrl":"https:\/\/www.wearensn.com\/wp-content\/uploads\/2023\/11\/24-2-9.jpg","width":650,"height":470},{"@type":"BreadcrumbList","@id":"https:\/\/www.wearensn.com\/es\/nsn-une-motor-y-musica-con-la-celebracion-de-la-primera-edicion-de-motogp-beats-lights-out-gala\/#breadcrumb","itemListElement":[{"@type":"ListItem","position":1,"name":"Home","item":"https:\/\/www.wearensn.com\/es\/home\/"},{"@type":"ListItem","position":2,"name":"NSN une motor y m\u00fasica con la celebraci\u00f3n de la primera edici\u00f3n de MotoGP\u2122 Beats Lights Out Gala"}]},{"@type":"WebSite","@id":"https:\/\/www.wearensn.com\/es\/#website","url":"https:\/\/www.wearensn.com\/es\/","name":"We Are NSN","description":"Sports &amp; Entertainment","publisher":{"@id":"https:\/\/www.wearensn.com\/es\/#organization"},"potentialAction":[{"@type":"SearchAction","target":{"@type":"EntryPoint","urlTemplate":"https:\/\/www.wearensn.com\/es\/?s={search_term_string}"},"query-input":{"@type":"PropertyValueSpecification","valueRequired":true,"valueName":"search_term_string"}}],"inLanguage":"es"},{"@type":"Organization","@id":"https:\/\/www.wearensn.com\/es\/#organization","name":"We Are NSN","url":"https:\/\/www.wearensn.com\/es\/","logo":{"@type":"ImageObject","inLanguage":"es","@id":"https:\/\/www.wearensn.com\/es\/#\/schema\/logo\/image\/","url":"https:\/\/www.wearensn.com\/wp-content\/uploads\/2023\/08\/cropped-Favicon-never-say-never.png","contentUrl":"https:\/\/www.wearensn.com\/wp-content\/uploads\/2023\/08\/cropped-Favicon-never-say-never.png","width":512,"height":512,"caption":"We Are NSN"},"image":{"@id":"https:\/\/www.wearensn.com\/es\/#\/schema\/logo\/image\/"}},{"@type":"Person","@id":"https:\/\/www.wearensn.com\/es\/#\/schema\/person\/ec9b85583f2ab426f24c3d44220ea7b4","name":"admin","image":{"@type":"ImageObject","inLanguage":"es","@id":"https:\/\/www.wearensn.com\/es\/#\/schema\/person\/image\/","url":"https:\/\/secure.gravatar.com\/avatar\/c5f0e1885a5e8b1905135a235b43a55295743b0046eb0eeb42d4df7a2ef37366?s=96&d=mm&r=g","contentUrl":"https:\/\/secure.gravatar.com\/avatar\/c5f0e1885a5e8b1905135a235b43a55295743b0046eb0eeb42d4df7a2ef37366?s=96&d=mm&r=g","caption":"admin"},"sameAs":["https:\/\/staging.wearensn.com"],"url":"https:\/\/www.wearensn.com\/es\/author\/staging_nsn\/"}]}},"_links":{"self":[{"href":"https:\/\/www.wearensn.com\/es\/wp-json\/wp\/v2\/posts\/8837","targetHints":{"allow":["GET"]}}],"collection":[{"href":"https:\/\/www.wearensn.com\/es\/wp-json\/wp\/v2\/posts"}],"about":[{"href":"https:\/\/www.wearensn.com\/es\/wp-json\/wp\/v2\/types\/post"}],"author":[{"embeddable":true,"href":"https:\/\/www.wearensn.com\/es\/wp-json\/wp\/v2\/users\/1"}],"replies":[{"embeddable":true,"href":"https:\/\/www.wearensn.com\/es\/wp-json\/wp\/v2\/comments?post=8837"}],"version-history":[{"count":8,"href":"https:\/\/www.wearensn.com\/es\/wp-json\/wp\/v2\/posts\/8837\/revisions"}],"predecessor-version":[{"id":8858,"href":"https:\/\/www.wearensn.com\/es\/wp-json\/wp\/v2\/posts\/8837\/revisions\/8858"}],"wp:featuredmedia":[{"embeddable":true,"href":"https:\/\/www.wearensn.com\/es\/wp-json\/wp\/v2\/media\/8914"}],"wp:attachment":[{"href":"https:\/\/www.wearensn.com\/es\/wp-json\/wp\/v2\/media?parent=8837"}],"wp:term":[{"taxonomy":"category","embeddable":true,"href":"https:\/\/www.wearensn.com\/es\/wp-json\/wp\/v2\/categories?post=8837"},{"taxonomy":"post_tag","embeddable":true,"href":"https:\/\/www.wearensn.com\/es\/wp-json\/wp\/v2\/tags?post=8837"}],"curies":[{"name":"wp","href":"https:\/\/api.w.org\/{rel}","templated":true}]}}