{"id":13262,"date":"2025-12-12T08:04:24","date_gmt":"2025-12-12T08:04:24","guid":{"rendered":"https:\/\/www.wearensn.com\/?p=13262"},"modified":"2025-12-12T08:04:25","modified_gmt":"2025-12-12T08:04:25","slug":"el-magico-gonzalez-vistio-la-camiseta-del-barca-legends-en-un-partido-contra-el-real-madrid-leyendas-organizado-por-nsn","status":"publish","type":"post","link":"https:\/\/www.wearensn.com\/es\/el-magico-gonzalez-vistio-la-camiseta-del-barca-legends-en-un-partido-contra-el-real-madrid-leyendas-organizado-por-nsn\/","title":{"rendered":"El \u2018M\u00e1gico\u2019 Gonz\u00e1lez visti\u00f3 la camiseta del Bar\u00e7a Legends en un partido contra el Real Madrid Leyendas organizado por NSN"},"content":{"rendered":"\n<p>M\u00e1s de 19.000 personas disfrutaron del \u00eddolo salvadore\u00f1o en el estadio que lleva su nombre el 8 de noviembre en un partido organizado por NSN y Stoneweg Places&amp;Experiences <br\/><\/p>\n\n<figure class=\"wp-block-image size-large\"><img fetchpriority=\"high\" decoding=\"async\" width=\"1024\" height=\"818\" src=\"https:\/\/www.wearensn.com\/wp-content\/uploads\/2025\/12\/MATCH-52-1024x818.webp\" alt=\"\" class=\"wp-image-13267\" srcset=\"https:\/\/www.wearensn.com\/wp-content\/uploads\/2025\/12\/MATCH-52-1024x818.webp 1024w, https:\/\/www.wearensn.com\/wp-content\/uploads\/2025\/12\/MATCH-52-300x240.webp 300w, https:\/\/www.wearensn.com\/wp-content\/uploads\/2025\/12\/MATCH-52-768x614.webp 768w, https:\/\/www.wearensn.com\/wp-content\/uploads\/2025\/12\/MATCH-52-813x650.webp 813w, https:\/\/www.wearensn.com\/wp-content\/uploads\/2025\/12\/MATCH-52.webp 1096w\" sizes=\"(max-width: 1024px) 100vw, 1024px\" \/><\/figure>\n\n<p>En su estadio, en el Estadio Nacional \u2018M\u00e1gico\u2019 Gonz\u00e1lez de San Salvador, se vivi\u00f3 el reencuentro del \u00eddolo con sus aficionados. El \u2018M\u00e1gico\u2019 jug\u00f3 con el Bar\u00e7a Legends un cl\u00e1sico contra el Real Madrid Leyendas el pasado 8 de noviembre con m\u00e1s de 19.000 asistentes, un partido organizado por NSN y Stoneweg Places &amp; Experiencies. Un encuentro nunca visto antes en El Salvador, que permiti\u00f3 a sus aficionados disfrutar de un momento para la historia. Ver al \u2018M\u00e1gico\u2019, de nuevo, sobre el c\u00e9sped.    <\/p>\n\n<p>Este encuentro, el primer cl\u00e1sico de leyendas que se libr\u00f3 en el pa\u00eds salvadore\u00f1o, tambi\u00e9n cont\u00f3 con otras grandes figuras como Carles Puyol, el capit\u00e1n del mejor Bar\u00e7a de la historia. No solo el \u2018M\u00e1gico\u2019 debut\u00f3 en su estadio el 8 de noviembre. Tambi\u00e9n fue el estreno de Tour\u00e9 Yaya como barcelonista en un partido donde se enfrentaron al Real Madrid Leyendas en el que destacaron, entre otros grandes jugadores, estrellas del nivel de Iker Casillas, Guti y Pepe.  <\/p>\n\n<figure class=\"wp-block-image size-large\"><img decoding=\"async\" width=\"1024\" height=\"819\" src=\"https:\/\/www.wearensn.com\/wp-content\/uploads\/2025\/12\/MATCH-4-1024x819.webp\" alt=\"\" class=\"wp-image-13270\" srcset=\"https:\/\/www.wearensn.com\/wp-content\/uploads\/2025\/12\/MATCH-4-1024x819.webp 1024w, https:\/\/www.wearensn.com\/wp-content\/uploads\/2025\/12\/MATCH-4-300x240.webp 300w, https:\/\/www.wearensn.com\/wp-content\/uploads\/2025\/12\/MATCH-4-768x614.webp 768w, https:\/\/www.wearensn.com\/wp-content\/uploads\/2025\/12\/MATCH-4-813x650.webp 813w, https:\/\/www.wearensn.com\/wp-content\/uploads\/2025\/12\/MATCH-4.webp 1120w\" sizes=\"(max-width: 1024px) 100vw, 1024px\" \/><\/figure>\n\n<p>La repercusi\u00f3n del encuentro trascendi\u00f3 fronteras, alcanzando m\u00e1s de 7,3 millones de visualizaciones en plataformas digitales y televisi\u00f3n, 20 millones de impactos en medios y un alcance global superior a 27 millones de personas. Todo ello fue posible gracias al apoyo de m\u00e1s de 15 patrocinadores que confiaron en el proyecto y contribuyeron a elevarlo a una escala internacional. <\/p>\n","protected":false},"excerpt":{"rendered":"<p>M\u00e1s de 19.000 personas disfrutaron del \u00eddolo salvadore\u00f1o en el estadio que lleva su nombre el 8 de noviembre en un partido organizado por NSN y Stoneweg Places&amp;Experiences En su estadio, en el Estadio Nacional \u2018M\u00e1gico\u2019 Gonz\u00e1lez de San Salvador, se vivi\u00f3 el reencuentro del \u00eddolo con sus aficionados. El \u2018M\u00e1gico\u2019 jug\u00f3 con el Bar\u00e7a [&hellip;]<\/p>\n","protected":false},"author":1,"featured_media":13266,"comment_status":"closed","ping_status":"closed","sticky":false,"template":"","format":"standard","meta":{"_acf_changed":false,"content-type":"","footnotes":""},"categories":[35],"tags":[],"class_list":["post-13262","post","type-post","status-publish","format-standard","has-post-thumbnail","hentry","category-football-properties-es"],"acf":[],"yoast_head":"<!-- This site is optimized with the Yoast SEO plugin v27.1.1 - https:\/\/yoast.com\/product\/yoast-seo-wordpress\/ -->\n<title>El \u2018M\u00e1gico\u2019 Gonz\u00e1lez visti\u00f3 la camiseta del Bar\u00e7a Legends en un partido contra el Real Madrid Leyendas organizado por NSN - We Are NSN<\/title>\n<meta name=\"robots\" content=\"index, follow, max-snippet:-1, max-image-preview:large, max-video-preview:-1\" \/>\n<link rel=\"canonical\" href=\"https:\/\/www.wearensn.com\/es\/el-magico-gonzalez-vistio-la-camiseta-del-barca-legends-en-un-partido-contra-el-real-madrid-leyendas-organizado-por-nsn\/\" \/>\n<meta property=\"og:locale\" content=\"es_ES\" \/>\n<meta property=\"og:type\" content=\"article\" \/>\n<meta property=\"og:title\" content=\"El \u2018M\u00e1gico\u2019 Gonz\u00e1lez visti\u00f3 la camiseta del Bar\u00e7a Legends en un partido contra el Real Madrid Leyendas organizado por NSN - We Are NSN\" \/>\n<meta property=\"og:description\" content=\"M\u00e1s de 19.000 personas disfrutaron del \u00eddolo salvadore\u00f1o en el estadio que lleva su nombre el 8 de noviembre en un partido organizado por NSN y Stoneweg Places&amp;Experiences En su estadio, en el Estadio Nacional \u2018M\u00e1gico\u2019 Gonz\u00e1lez de San Salvador, se vivi\u00f3 el reencuentro del \u00eddolo con sus aficionados. El \u2018M\u00e1gico\u2019 jug\u00f3 con el Bar\u00e7a [&hellip;]\" \/>\n<meta property=\"og:url\" content=\"https:\/\/www.wearensn.com\/es\/el-magico-gonzalez-vistio-la-camiseta-del-barca-legends-en-un-partido-contra-el-real-madrid-leyendas-organizado-por-nsn\/\" \/>\n<meta property=\"og:site_name\" content=\"We Are NSN\" \/>\n<meta property=\"article:published_time\" content=\"2025-12-12T08:04:24+00:00\" \/>\n<meta property=\"article:modified_time\" content=\"2025-12-12T08:04:25+00:00\" \/>\n<meta property=\"og:image\" content=\"https:\/\/www.wearensn.com\/wp-content\/uploads\/2025\/12\/MATCH-221.webp\" \/>\n\t<meta property=\"og:image:width\" content=\"1226\" \/>\n\t<meta property=\"og:image:height\" content=\"980\" \/>\n\t<meta property=\"og:image:type\" content=\"image\/webp\" \/>\n<meta name=\"author\" content=\"admin\" \/>\n<meta name=\"twitter:card\" content=\"summary_large_image\" \/>\n<meta name=\"twitter:label1\" content=\"Escrito por\" \/>\n\t<meta name=\"twitter:data1\" content=\"admin\" \/>\n\t<meta name=\"twitter:label2\" content=\"Tiempo de lectura\" \/>\n\t<meta name=\"twitter:data2\" content=\"1 minuto\" \/>\n<script type=\"application\/ld+json\" class=\"yoast-schema-graph\">{\"@context\":\"https:\/\/schema.org\",\"@graph\":[{\"@type\":\"Article\",\"@id\":\"https:\/\/www.wearensn.com\/es\/el-magico-gonzalez-vistio-la-camiseta-del-barca-legends-en-un-partido-contra-el-real-madrid-leyendas-organizado-por-nsn\/#article\",\"isPartOf\":{\"@id\":\"https:\/\/www.wearensn.com\/es\/el-magico-gonzalez-vistio-la-camiseta-del-barca-legends-en-un-partido-contra-el-real-madrid-leyendas-organizado-por-nsn\/\"},\"author\":{\"name\":\"admin\",\"@id\":\"https:\/\/www.wearensn.com\/es\/#\/schema\/person\/ec9b85583f2ab426f24c3d44220ea7b4\"},\"headline\":\"El \u2018M\u00e1gico\u2019 Gonz\u00e1lez visti\u00f3 la camiseta del Bar\u00e7a Legends en un partido contra el Real Madrid Leyendas organizado por NSN\",\"datePublished\":\"2025-12-12T08:04:24+00:00\",\"dateModified\":\"2025-12-12T08:04:25+00:00\",\"mainEntityOfPage\":{\"@id\":\"https:\/\/www.wearensn.com\/es\/el-magico-gonzalez-vistio-la-camiseta-del-barca-legends-en-un-partido-contra-el-real-madrid-leyendas-organizado-por-nsn\/\"},\"wordCount\":287,\"publisher\":{\"@id\":\"https:\/\/www.wearensn.com\/es\/#organization\"},\"image\":{\"@id\":\"https:\/\/www.wearensn.com\/es\/el-magico-gonzalez-vistio-la-camiseta-del-barca-legends-en-un-partido-contra-el-real-madrid-leyendas-organizado-por-nsn\/#primaryimage\"},\"thumbnailUrl\":\"https:\/\/www.wearensn.com\/wp-content\/uploads\/2025\/12\/MATCH-221.webp\",\"articleSection\":[\"Football Properties\"],\"inLanguage\":\"es\"},{\"@type\":\"WebPage\",\"@id\":\"https:\/\/www.wearensn.com\/es\/el-magico-gonzalez-vistio-la-camiseta-del-barca-legends-en-un-partido-contra-el-real-madrid-leyendas-organizado-por-nsn\/\",\"url\":\"https:\/\/www.wearensn.com\/es\/el-magico-gonzalez-vistio-la-camiseta-del-barca-legends-en-un-partido-contra-el-real-madrid-leyendas-organizado-por-nsn\/\",\"name\":\"El \u2018M\u00e1gico\u2019 Gonz\u00e1lez visti\u00f3 la camiseta del Bar\u00e7a Legends en un partido contra el Real Madrid Leyendas organizado por NSN - We Are NSN\",\"isPartOf\":{\"@id\":\"https:\/\/www.wearensn.com\/es\/#website\"},\"primaryImageOfPage\":{\"@id\":\"https:\/\/www.wearensn.com\/es\/el-magico-gonzalez-vistio-la-camiseta-del-barca-legends-en-un-partido-contra-el-real-madrid-leyendas-organizado-por-nsn\/#primaryimage\"},\"image\":{\"@id\":\"https:\/\/www.wearensn.com\/es\/el-magico-gonzalez-vistio-la-camiseta-del-barca-legends-en-un-partido-contra-el-real-madrid-leyendas-organizado-por-nsn\/#primaryimage\"},\"thumbnailUrl\":\"https:\/\/www.wearensn.com\/wp-content\/uploads\/2025\/12\/MATCH-221.webp\",\"datePublished\":\"2025-12-12T08:04:24+00:00\",\"dateModified\":\"2025-12-12T08:04:25+00:00\",\"breadcrumb\":{\"@id\":\"https:\/\/www.wearensn.com\/es\/el-magico-gonzalez-vistio-la-camiseta-del-barca-legends-en-un-partido-contra-el-real-madrid-leyendas-organizado-por-nsn\/#breadcrumb\"},\"inLanguage\":\"es\",\"potentialAction\":[{\"@type\":\"ReadAction\",\"target\":[\"https:\/\/www.wearensn.com\/es\/el-magico-gonzalez-vistio-la-camiseta-del-barca-legends-en-un-partido-contra-el-real-madrid-leyendas-organizado-por-nsn\/\"]}]},{\"@type\":\"ImageObject\",\"inLanguage\":\"es\",\"@id\":\"https:\/\/www.wearensn.com\/es\/el-magico-gonzalez-vistio-la-camiseta-del-barca-legends-en-un-partido-contra-el-real-madrid-leyendas-organizado-por-nsn\/#primaryimage\",\"url\":\"https:\/\/www.wearensn.com\/wp-content\/uploads\/2025\/12\/MATCH-221.webp\",\"contentUrl\":\"https:\/\/www.wearensn.com\/wp-content\/uploads\/2025\/12\/MATCH-221.webp\",\"width\":1226,\"height\":980},{\"@type\":\"BreadcrumbList\",\"@id\":\"https:\/\/www.wearensn.com\/es\/el-magico-gonzalez-vistio-la-camiseta-del-barca-legends-en-un-partido-contra-el-real-madrid-leyendas-organizado-por-nsn\/#breadcrumb\",\"itemListElement\":[{\"@type\":\"ListItem\",\"position\":1,\"name\":\"Home\",\"item\":\"https:\/\/www.wearensn.com\/es\/home\/\"},{\"@type\":\"ListItem\",\"position\":2,\"name\":\"El \u2018M\u00e1gico\u2019 Gonz\u00e1lez visti\u00f3 la camiseta del Bar\u00e7a Legends en un partido contra el Real Madrid Leyendas organizado por NSN\"}]},{\"@type\":\"WebSite\",\"@id\":\"https:\/\/www.wearensn.com\/es\/#website\",\"url\":\"https:\/\/www.wearensn.com\/es\/\",\"name\":\"We Are NSN\",\"description\":\"Sports &amp; Entertainment\",\"publisher\":{\"@id\":\"https:\/\/www.wearensn.com\/es\/#organization\"},\"potentialAction\":[{\"@type\":\"SearchAction\",\"target\":{\"@type\":\"EntryPoint\",\"urlTemplate\":\"https:\/\/www.wearensn.com\/es\/?s={search_term_string}\"},\"query-input\":{\"@type\":\"PropertyValueSpecification\",\"valueRequired\":true,\"valueName\":\"search_term_string\"}}],\"inLanguage\":\"es\"},{\"@type\":\"Organization\",\"@id\":\"https:\/\/www.wearensn.com\/es\/#organization\",\"name\":\"We Are NSN\",\"url\":\"https:\/\/www.wearensn.com\/es\/\",\"logo\":{\"@type\":\"ImageObject\",\"inLanguage\":\"es\",\"@id\":\"https:\/\/www.wearensn.com\/es\/#\/schema\/logo\/image\/\",\"url\":\"https:\/\/www.wearensn.com\/wp-content\/uploads\/2023\/08\/cropped-Favicon-never-say-never.png\",\"contentUrl\":\"https:\/\/www.wearensn.com\/wp-content\/uploads\/2023\/08\/cropped-Favicon-never-say-never.png\",\"width\":512,\"height\":512,\"caption\":\"We Are NSN\"},\"image\":{\"@id\":\"https:\/\/www.wearensn.com\/es\/#\/schema\/logo\/image\/\"}},{\"@type\":\"Person\",\"@id\":\"https:\/\/www.wearensn.com\/es\/#\/schema\/person\/ec9b85583f2ab426f24c3d44220ea7b4\",\"name\":\"admin\",\"image\":{\"@type\":\"ImageObject\",\"inLanguage\":\"es\",\"@id\":\"https:\/\/www.wearensn.com\/es\/#\/schema\/person\/image\/\",\"url\":\"https:\/\/secure.gravatar.com\/avatar\/c5f0e1885a5e8b1905135a235b43a55295743b0046eb0eeb42d4df7a2ef37366?s=96&d=mm&r=g\",\"contentUrl\":\"https:\/\/secure.gravatar.com\/avatar\/c5f0e1885a5e8b1905135a235b43a55295743b0046eb0eeb42d4df7a2ef37366?s=96&d=mm&r=g\",\"caption\":\"admin\"},\"sameAs\":[\"https:\/\/staging.wearensn.com\"],\"url\":\"https:\/\/www.wearensn.com\/es\/author\/staging_nsn\/\"}]}<\/script>\n<!-- \/ Yoast SEO plugin. -->","yoast_head_json":{"title":"El \u2018M\u00e1gico\u2019 Gonz\u00e1lez visti\u00f3 la camiseta del Bar\u00e7a Legends en un partido contra el Real Madrid Leyendas organizado por NSN - We Are NSN","robots":{"index":"index","follow":"follow","max-snippet":"max-snippet:-1","max-image-preview":"max-image-preview:large","max-video-preview":"max-video-preview:-1"},"canonical":"https:\/\/www.wearensn.com\/es\/el-magico-gonzalez-vistio-la-camiseta-del-barca-legends-en-un-partido-contra-el-real-madrid-leyendas-organizado-por-nsn\/","og_locale":"es_ES","og_type":"article","og_title":"El \u2018M\u00e1gico\u2019 Gonz\u00e1lez visti\u00f3 la camiseta del Bar\u00e7a Legends en un partido contra el Real Madrid Leyendas organizado por NSN - We Are NSN","og_description":"M\u00e1s de 19.000 personas disfrutaron del \u00eddolo salvadore\u00f1o en el estadio que lleva su nombre el 8 de noviembre en un partido organizado por NSN y Stoneweg Places&amp;Experiences En su estadio, en el Estadio Nacional \u2018M\u00e1gico\u2019 Gonz\u00e1lez de San Salvador, se vivi\u00f3 el reencuentro del \u00eddolo con sus aficionados. El \u2018M\u00e1gico\u2019 jug\u00f3 con el Bar\u00e7a [&hellip;]","og_url":"https:\/\/www.wearensn.com\/es\/el-magico-gonzalez-vistio-la-camiseta-del-barca-legends-en-un-partido-contra-el-real-madrid-leyendas-organizado-por-nsn\/","og_site_name":"We Are NSN","article_published_time":"2025-12-12T08:04:24+00:00","article_modified_time":"2025-12-12T08:04:25+00:00","og_image":[{"width":1226,"height":980,"url":"https:\/\/www.wearensn.com\/wp-content\/uploads\/2025\/12\/MATCH-221.webp","type":"image\/webp"}],"author":"admin","twitter_card":"summary_large_image","twitter_misc":{"Escrito por":"admin","Tiempo de lectura":"1 minuto"},"schema":{"@context":"https:\/\/schema.org","@graph":[{"@type":"Article","@id":"https:\/\/www.wearensn.com\/es\/el-magico-gonzalez-vistio-la-camiseta-del-barca-legends-en-un-partido-contra-el-real-madrid-leyendas-organizado-por-nsn\/#article","isPartOf":{"@id":"https:\/\/www.wearensn.com\/es\/el-magico-gonzalez-vistio-la-camiseta-del-barca-legends-en-un-partido-contra-el-real-madrid-leyendas-organizado-por-nsn\/"},"author":{"name":"admin","@id":"https:\/\/www.wearensn.com\/es\/#\/schema\/person\/ec9b85583f2ab426f24c3d44220ea7b4"},"headline":"El \u2018M\u00e1gico\u2019 Gonz\u00e1lez visti\u00f3 la camiseta del Bar\u00e7a Legends en un partido contra el Real Madrid Leyendas organizado por NSN","datePublished":"2025-12-12T08:04:24+00:00","dateModified":"2025-12-12T08:04:25+00:00","mainEntityOfPage":{"@id":"https:\/\/www.wearensn.com\/es\/el-magico-gonzalez-vistio-la-camiseta-del-barca-legends-en-un-partido-contra-el-real-madrid-leyendas-organizado-por-nsn\/"},"wordCount":287,"publisher":{"@id":"https:\/\/www.wearensn.com\/es\/#organization"},"image":{"@id":"https:\/\/www.wearensn.com\/es\/el-magico-gonzalez-vistio-la-camiseta-del-barca-legends-en-un-partido-contra-el-real-madrid-leyendas-organizado-por-nsn\/#primaryimage"},"thumbnailUrl":"https:\/\/www.wearensn.com\/wp-content\/uploads\/2025\/12\/MATCH-221.webp","articleSection":["Football Properties"],"inLanguage":"es"},{"@type":"WebPage","@id":"https:\/\/www.wearensn.com\/es\/el-magico-gonzalez-vistio-la-camiseta-del-barca-legends-en-un-partido-contra-el-real-madrid-leyendas-organizado-por-nsn\/","url":"https:\/\/www.wearensn.com\/es\/el-magico-gonzalez-vistio-la-camiseta-del-barca-legends-en-un-partido-contra-el-real-madrid-leyendas-organizado-por-nsn\/","name":"El \u2018M\u00e1gico\u2019 Gonz\u00e1lez visti\u00f3 la camiseta del Bar\u00e7a Legends en un partido contra el Real Madrid Leyendas organizado por NSN - We Are NSN","isPartOf":{"@id":"https:\/\/www.wearensn.com\/es\/#website"},"primaryImageOfPage":{"@id":"https:\/\/www.wearensn.com\/es\/el-magico-gonzalez-vistio-la-camiseta-del-barca-legends-en-un-partido-contra-el-real-madrid-leyendas-organizado-por-nsn\/#primaryimage"},"image":{"@id":"https:\/\/www.wearensn.com\/es\/el-magico-gonzalez-vistio-la-camiseta-del-barca-legends-en-un-partido-contra-el-real-madrid-leyendas-organizado-por-nsn\/#primaryimage"},"thumbnailUrl":"https:\/\/www.wearensn.com\/wp-content\/uploads\/2025\/12\/MATCH-221.webp","datePublished":"2025-12-12T08:04:24+00:00","dateModified":"2025-12-12T08:04:25+00:00","breadcrumb":{"@id":"https:\/\/www.wearensn.com\/es\/el-magico-gonzalez-vistio-la-camiseta-del-barca-legends-en-un-partido-contra-el-real-madrid-leyendas-organizado-por-nsn\/#breadcrumb"},"inLanguage":"es","potentialAction":[{"@type":"ReadAction","target":["https:\/\/www.wearensn.com\/es\/el-magico-gonzalez-vistio-la-camiseta-del-barca-legends-en-un-partido-contra-el-real-madrid-leyendas-organizado-por-nsn\/"]}]},{"@type":"ImageObject","inLanguage":"es","@id":"https:\/\/www.wearensn.com\/es\/el-magico-gonzalez-vistio-la-camiseta-del-barca-legends-en-un-partido-contra-el-real-madrid-leyendas-organizado-por-nsn\/#primaryimage","url":"https:\/\/www.wearensn.com\/wp-content\/uploads\/2025\/12\/MATCH-221.webp","contentUrl":"https:\/\/www.wearensn.com\/wp-content\/uploads\/2025\/12\/MATCH-221.webp","width":1226,"height":980},{"@type":"BreadcrumbList","@id":"https:\/\/www.wearensn.com\/es\/el-magico-gonzalez-vistio-la-camiseta-del-barca-legends-en-un-partido-contra-el-real-madrid-leyendas-organizado-por-nsn\/#breadcrumb","itemListElement":[{"@type":"ListItem","position":1,"name":"Home","item":"https:\/\/www.wearensn.com\/es\/home\/"},{"@type":"ListItem","position":2,"name":"El \u2018M\u00e1gico\u2019 Gonz\u00e1lez visti\u00f3 la camiseta del Bar\u00e7a Legends en un partido contra el Real Madrid Leyendas organizado por NSN"}]},{"@type":"WebSite","@id":"https:\/\/www.wearensn.com\/es\/#website","url":"https:\/\/www.wearensn.com\/es\/","name":"We Are NSN","description":"Sports &amp; Entertainment","publisher":{"@id":"https:\/\/www.wearensn.com\/es\/#organization"},"potentialAction":[{"@type":"SearchAction","target":{"@type":"EntryPoint","urlTemplate":"https:\/\/www.wearensn.com\/es\/?s={search_term_string}"},"query-input":{"@type":"PropertyValueSpecification","valueRequired":true,"valueName":"search_term_string"}}],"inLanguage":"es"},{"@type":"Organization","@id":"https:\/\/www.wearensn.com\/es\/#organization","name":"We Are NSN","url":"https:\/\/www.wearensn.com\/es\/","logo":{"@type":"ImageObject","inLanguage":"es","@id":"https:\/\/www.wearensn.com\/es\/#\/schema\/logo\/image\/","url":"https:\/\/www.wearensn.com\/wp-content\/uploads\/2023\/08\/cropped-Favicon-never-say-never.png","contentUrl":"https:\/\/www.wearensn.com\/wp-content\/uploads\/2023\/08\/cropped-Favicon-never-say-never.png","width":512,"height":512,"caption":"We Are NSN"},"image":{"@id":"https:\/\/www.wearensn.com\/es\/#\/schema\/logo\/image\/"}},{"@type":"Person","@id":"https:\/\/www.wearensn.com\/es\/#\/schema\/person\/ec9b85583f2ab426f24c3d44220ea7b4","name":"admin","image":{"@type":"ImageObject","inLanguage":"es","@id":"https:\/\/www.wearensn.com\/es\/#\/schema\/person\/image\/","url":"https:\/\/secure.gravatar.com\/avatar\/c5f0e1885a5e8b1905135a235b43a55295743b0046eb0eeb42d4df7a2ef37366?s=96&d=mm&r=g","contentUrl":"https:\/\/secure.gravatar.com\/avatar\/c5f0e1885a5e8b1905135a235b43a55295743b0046eb0eeb42d4df7a2ef37366?s=96&d=mm&r=g","caption":"admin"},"sameAs":["https:\/\/staging.wearensn.com"],"url":"https:\/\/www.wearensn.com\/es\/author\/staging_nsn\/"}]}},"_links":{"self":[{"href":"https:\/\/www.wearensn.com\/es\/wp-json\/wp\/v2\/posts\/13262","targetHints":{"allow":["GET"]}}],"collection":[{"href":"https:\/\/www.wearensn.com\/es\/wp-json\/wp\/v2\/posts"}],"about":[{"href":"https:\/\/www.wearensn.com\/es\/wp-json\/wp\/v2\/types\/post"}],"author":[{"embeddable":true,"href":"https:\/\/www.wearensn.com\/es\/wp-json\/wp\/v2\/users\/1"}],"replies":[{"embeddable":true,"href":"https:\/\/www.wearensn.com\/es\/wp-json\/wp\/v2\/comments?post=13262"}],"version-history":[{"count":2,"href":"https:\/\/www.wearensn.com\/es\/wp-json\/wp\/v2\/posts\/13262\/revisions"}],"predecessor-version":[{"id":13274,"href":"https:\/\/www.wearensn.com\/es\/wp-json\/wp\/v2\/posts\/13262\/revisions\/13274"}],"wp:featuredmedia":[{"embeddable":true,"href":"https:\/\/www.wearensn.com\/es\/wp-json\/wp\/v2\/media\/13266"}],"wp:attachment":[{"href":"https:\/\/www.wearensn.com\/es\/wp-json\/wp\/v2\/media?parent=13262"}],"wp:term":[{"taxonomy":"category","embeddable":true,"href":"https:\/\/www.wearensn.com\/es\/wp-json\/wp\/v2\/categories?post=13262"},{"taxonomy":"post_tag","embeddable":true,"href":"https:\/\/www.wearensn.com\/es\/wp-json\/wp\/v2\/tags?post=13262"}],"curies":[{"name":"wp","href":"https:\/\/api.w.org\/{rel}","templated":true}]}}