{"id":12903,"date":"2025-04-30T13:02:47","date_gmt":"2025-04-30T13:02:47","guid":{"rendered":"https:\/\/www.wearensn.com\/andres-iniesta-lanza-la-mente-tambien-juega-una-mirada-intima-a-la-salud-mental-en-el-futbol-de-elite\/"},"modified":"2025-04-30T13:05:01","modified_gmt":"2025-04-30T13:05:01","slug":"andres-iniesta-lanza-la-mente-tambien-juega-una-mirada-intima-a-la-salud-mental-en-el-futbol-de-elite","status":"publish","type":"post","link":"https:\/\/www.wearensn.com\/es\/andres-iniesta-lanza-la-mente-tambien-juega-una-mirada-intima-a-la-salud-mental-en-el-futbol-de-elite\/","title":{"rendered":"Andr\u00e9s Iniesta lanza \u2018La mente tambi\u00e9n juega\u2019, una mirada \u00edntima a la salud mental en el f\u00fatbol de \u00e9lite"},"content":{"rendered":"\n<p><em><em><em><em>Publicado por Espasa y producido por NSN, el libro recoge el testimonio personal de Andr\u00e9s Iniesta y de los profesionales que lo acompa\u00f1aron en uno de los momentos m\u00e1s dif\u00edciles de su carrera.<\/em><\/em><\/em><\/em><\/p>\n\n<p>Andr\u00e9s Iniesta, exfutbolista y cofundador de NSN, presenta \u2018La mente tambi\u00e9n juega\u2019, un libro que abre las puertas a una conversaci\u00f3n urgente y todav\u00eda pendiente en el mundo del deporte: la salud mental. Publicado por la Editorial Espasa, el libro ha sido escrito en colaboraci\u00f3n con el periodista Marcos L\u00f3pez y es una producci\u00f3n original de NSN. <\/p>\n\n<figure class=\"wp-block-image size-full\"><img fetchpriority=\"high\" decoding=\"async\" width=\"866\" height=\"626\" src=\"https:\/\/www.wearensn.com\/wp-content\/uploads\/2025\/04\/Fresh-News_IMG_1-1.png\" alt=\"\" class=\"wp-image-12894\" srcset=\"https:\/\/www.wearensn.com\/wp-content\/uploads\/2025\/04\/Fresh-News_IMG_1-1.png 866w, https:\/\/www.wearensn.com\/wp-content\/uploads\/2025\/04\/Fresh-News_IMG_1-1-300x217.png 300w, https:\/\/www.wearensn.com\/wp-content\/uploads\/2025\/04\/Fresh-News_IMG_1-1-768x555.png 768w\" sizes=\"(max-width: 866px) 100vw, 866px\" \/><\/figure>\n\n<p>En sus p\u00e1ginas, Iniesta se aleja del relato tradicional del \u00e9xito deportivo para compartir, con una honestidad poco com\u00fan, el lado menos visible de la vida de un futbolista profesional. El libro recorre algunos de los momentos m\u00e1s dif\u00edciles de su carrera y se adentra en c\u00f3mo la presi\u00f3n, la exposici\u00f3n medi\u00e1tica y la exigencia constante impactan en el bienestar emocional, incluso \u2014o especialmente\u2014 cuando se est\u00e1 en la cima. <\/p>\n\n<p>\u2018La mente tambi\u00e9n juega&#8217; no solo recoge la voz de Iniesta, sino tambi\u00e9n los testimonios de profesionales clave que le acompa\u00f1aron y ayudaron a atravesar momentos de vulnerabilidad: psic\u00f3logos y m\u00e9dicos que ofrecen distintas perspectivas sobre c\u00f3mo cuidar la mente cuando el mundo espera que siempre est\u00e9s en lo m\u00e1s alto.<\/p>\n","protected":false},"excerpt":{"rendered":"<p>Publicado por Espasa y producido por NSN, el libro recoge el testimonio personal de Andr\u00e9s Iniesta y de los profesionales que lo acompa\u00f1aron en uno de los momentos m\u00e1s dif\u00edciles de su carrera. Andr\u00e9s Iniesta, exfutbolista y cofundador de NSN, presenta \u2018La mente tambi\u00e9n juega\u2019, un libro que abre las puertas a una conversaci\u00f3n urgente [&hellip;]<\/p>\n","protected":false},"author":1,"featured_media":12899,"comment_status":"closed","ping_status":"closed","sticky":false,"template":"","format":"standard","meta":{"_acf_changed":false,"content-type":"","footnotes":""},"categories":[34],"tags":[],"class_list":["post-12903","post","type-post","status-publish","format-standard","has-post-thumbnail","hentry","category-media-productions-es"],"acf":[],"yoast_head":"<!-- This site is optimized with the Yoast SEO plugin v27.1.1 - https:\/\/yoast.com\/product\/yoast-seo-wordpress\/ -->\n<title>Andr\u00e9s Iniesta lanza \u2018La mente tambi\u00e9n juega\u2019, una mirada \u00edntima a la salud mental en el f\u00fatbol de \u00e9lite - We Are NSN<\/title>\n<meta name=\"description\" content=\"Publicado por Espasa y producido por NSN, el libro recoge el testimonio personal de Andr\u00e9s Iniesta y de los profesionales que lo acompa\u00f1aron en uno de los momentos m\u00e1s dif\u00edciles de su carrera.\" \/>\n<meta name=\"robots\" content=\"index, follow, max-snippet:-1, max-image-preview:large, max-video-preview:-1\" \/>\n<link rel=\"canonical\" href=\"https:\/\/www.wearensn.com\/es\/andres-iniesta-lanza-la-mente-tambien-juega-una-mirada-intima-a-la-salud-mental-en-el-futbol-de-elite\/\" \/>\n<meta property=\"og:locale\" content=\"es_ES\" \/>\n<meta property=\"og:type\" content=\"article\" \/>\n<meta property=\"og:title\" content=\"Andr\u00e9s Iniesta lanza \u2018La mente tambi\u00e9n juega\u2019, una mirada \u00edntima a la salud mental en el f\u00fatbol de \u00e9lite - We Are NSN\" \/>\n<meta property=\"og:description\" content=\"Publicado por Espasa y producido por NSN, el libro recoge el testimonio personal de Andr\u00e9s Iniesta y de los profesionales que lo acompa\u00f1aron en uno de los momentos m\u00e1s dif\u00edciles de su carrera.\" \/>\n<meta property=\"og:url\" content=\"https:\/\/www.wearensn.com\/es\/andres-iniesta-lanza-la-mente-tambien-juega-una-mirada-intima-a-la-salud-mental-en-el-futbol-de-elite\/\" \/>\n<meta property=\"og:site_name\" content=\"We Are NSN\" \/>\n<meta property=\"article:published_time\" content=\"2025-04-30T13:02:47+00:00\" \/>\n<meta property=\"article:modified_time\" content=\"2025-04-30T13:05:01+00:00\" \/>\n<meta property=\"og:image\" content=\"https:\/\/www.wearensn.com\/wp-content\/uploads\/2025\/04\/Fresh-News_Portada-1.jpg\" \/>\n\t<meta property=\"og:image:width\" content=\"650\" \/>\n\t<meta property=\"og:image:height\" content=\"470\" \/>\n\t<meta property=\"og:image:type\" content=\"image\/jpeg\" \/>\n<meta name=\"author\" content=\"admin\" \/>\n<meta name=\"twitter:card\" content=\"summary_large_image\" \/>\n<meta name=\"twitter:label1\" content=\"Escrito por\" \/>\n\t<meta name=\"twitter:data1\" content=\"admin\" \/>\n\t<meta name=\"twitter:label2\" content=\"Tiempo de lectura\" \/>\n\t<meta name=\"twitter:data2\" content=\"1 minuto\" \/>\n<script type=\"application\/ld+json\" class=\"yoast-schema-graph\">{\"@context\":\"https:\/\/schema.org\",\"@graph\":[{\"@type\":\"Article\",\"@id\":\"https:\/\/www.wearensn.com\/es\/andres-iniesta-lanza-la-mente-tambien-juega-una-mirada-intima-a-la-salud-mental-en-el-futbol-de-elite\/#article\",\"isPartOf\":{\"@id\":\"https:\/\/www.wearensn.com\/es\/andres-iniesta-lanza-la-mente-tambien-juega-una-mirada-intima-a-la-salud-mental-en-el-futbol-de-elite\/\"},\"author\":{\"name\":\"admin\",\"@id\":\"https:\/\/www.wearensn.com\/es\/#\/schema\/person\/ec9b85583f2ab426f24c3d44220ea7b4\"},\"headline\":\"Andr\u00e9s Iniesta lanza \u2018La mente tambi\u00e9n juega\u2019, una mirada \u00edntima a la salud mental en el f\u00fatbol de \u00e9lite\",\"datePublished\":\"2025-04-30T13:02:47+00:00\",\"dateModified\":\"2025-04-30T13:05:01+00:00\",\"mainEntityOfPage\":{\"@id\":\"https:\/\/www.wearensn.com\/es\/andres-iniesta-lanza-la-mente-tambien-juega-una-mirada-intima-a-la-salud-mental-en-el-futbol-de-elite\/\"},\"wordCount\":260,\"publisher\":{\"@id\":\"https:\/\/www.wearensn.com\/es\/#organization\"},\"image\":{\"@id\":\"https:\/\/www.wearensn.com\/es\/andres-iniesta-lanza-la-mente-tambien-juega-una-mirada-intima-a-la-salud-mental-en-el-futbol-de-elite\/#primaryimage\"},\"thumbnailUrl\":\"https:\/\/www.wearensn.com\/wp-content\/uploads\/2025\/04\/Fresh-News_Portada-1.jpg\",\"articleSection\":[\"Media Productions\"],\"inLanguage\":\"es\"},{\"@type\":\"WebPage\",\"@id\":\"https:\/\/www.wearensn.com\/es\/andres-iniesta-lanza-la-mente-tambien-juega-una-mirada-intima-a-la-salud-mental-en-el-futbol-de-elite\/\",\"url\":\"https:\/\/www.wearensn.com\/es\/andres-iniesta-lanza-la-mente-tambien-juega-una-mirada-intima-a-la-salud-mental-en-el-futbol-de-elite\/\",\"name\":\"Andr\u00e9s Iniesta lanza \u2018La mente tambi\u00e9n juega\u2019, una mirada \u00edntima a la salud mental en el f\u00fatbol de \u00e9lite - We Are NSN\",\"isPartOf\":{\"@id\":\"https:\/\/www.wearensn.com\/es\/#website\"},\"primaryImageOfPage\":{\"@id\":\"https:\/\/www.wearensn.com\/es\/andres-iniesta-lanza-la-mente-tambien-juega-una-mirada-intima-a-la-salud-mental-en-el-futbol-de-elite\/#primaryimage\"},\"image\":{\"@id\":\"https:\/\/www.wearensn.com\/es\/andres-iniesta-lanza-la-mente-tambien-juega-una-mirada-intima-a-la-salud-mental-en-el-futbol-de-elite\/#primaryimage\"},\"thumbnailUrl\":\"https:\/\/www.wearensn.com\/wp-content\/uploads\/2025\/04\/Fresh-News_Portada-1.jpg\",\"datePublished\":\"2025-04-30T13:02:47+00:00\",\"dateModified\":\"2025-04-30T13:05:01+00:00\",\"description\":\"Publicado por Espasa y producido por NSN, el libro recoge el testimonio personal de Andr\u00e9s Iniesta y de los profesionales que lo acompa\u00f1aron en uno de los momentos m\u00e1s dif\u00edciles de su carrera.\",\"breadcrumb\":{\"@id\":\"https:\/\/www.wearensn.com\/es\/andres-iniesta-lanza-la-mente-tambien-juega-una-mirada-intima-a-la-salud-mental-en-el-futbol-de-elite\/#breadcrumb\"},\"inLanguage\":\"es\",\"potentialAction\":[{\"@type\":\"ReadAction\",\"target\":[\"https:\/\/www.wearensn.com\/es\/andres-iniesta-lanza-la-mente-tambien-juega-una-mirada-intima-a-la-salud-mental-en-el-futbol-de-elite\/\"]}]},{\"@type\":\"ImageObject\",\"inLanguage\":\"es\",\"@id\":\"https:\/\/www.wearensn.com\/es\/andres-iniesta-lanza-la-mente-tambien-juega-una-mirada-intima-a-la-salud-mental-en-el-futbol-de-elite\/#primaryimage\",\"url\":\"https:\/\/www.wearensn.com\/wp-content\/uploads\/2025\/04\/Fresh-News_Portada-1.jpg\",\"contentUrl\":\"https:\/\/www.wearensn.com\/wp-content\/uploads\/2025\/04\/Fresh-News_Portada-1.jpg\",\"width\":650,\"height\":470},{\"@type\":\"BreadcrumbList\",\"@id\":\"https:\/\/www.wearensn.com\/es\/andres-iniesta-lanza-la-mente-tambien-juega-una-mirada-intima-a-la-salud-mental-en-el-futbol-de-elite\/#breadcrumb\",\"itemListElement\":[{\"@type\":\"ListItem\",\"position\":1,\"name\":\"Home\",\"item\":\"https:\/\/www.wearensn.com\/es\/home\/\"},{\"@type\":\"ListItem\",\"position\":2,\"name\":\"Andr\u00e9s Iniesta lanza \u2018La mente tambi\u00e9n juega\u2019, una mirada \u00edntima a la salud mental en el f\u00fatbol de \u00e9lite\"}]},{\"@type\":\"WebSite\",\"@id\":\"https:\/\/www.wearensn.com\/es\/#website\",\"url\":\"https:\/\/www.wearensn.com\/es\/\",\"name\":\"We Are NSN\",\"description\":\"Sports &amp; Entertainment\",\"publisher\":{\"@id\":\"https:\/\/www.wearensn.com\/es\/#organization\"},\"potentialAction\":[{\"@type\":\"SearchAction\",\"target\":{\"@type\":\"EntryPoint\",\"urlTemplate\":\"https:\/\/www.wearensn.com\/es\/?s={search_term_string}\"},\"query-input\":{\"@type\":\"PropertyValueSpecification\",\"valueRequired\":true,\"valueName\":\"search_term_string\"}}],\"inLanguage\":\"es\"},{\"@type\":\"Organization\",\"@id\":\"https:\/\/www.wearensn.com\/es\/#organization\",\"name\":\"We Are NSN\",\"url\":\"https:\/\/www.wearensn.com\/es\/\",\"logo\":{\"@type\":\"ImageObject\",\"inLanguage\":\"es\",\"@id\":\"https:\/\/www.wearensn.com\/es\/#\/schema\/logo\/image\/\",\"url\":\"https:\/\/www.wearensn.com\/wp-content\/uploads\/2023\/08\/cropped-Favicon-never-say-never.png\",\"contentUrl\":\"https:\/\/www.wearensn.com\/wp-content\/uploads\/2023\/08\/cropped-Favicon-never-say-never.png\",\"width\":512,\"height\":512,\"caption\":\"We Are NSN\"},\"image\":{\"@id\":\"https:\/\/www.wearensn.com\/es\/#\/schema\/logo\/image\/\"}},{\"@type\":\"Person\",\"@id\":\"https:\/\/www.wearensn.com\/es\/#\/schema\/person\/ec9b85583f2ab426f24c3d44220ea7b4\",\"name\":\"admin\",\"image\":{\"@type\":\"ImageObject\",\"inLanguage\":\"es\",\"@id\":\"https:\/\/www.wearensn.com\/es\/#\/schema\/person\/image\/\",\"url\":\"https:\/\/secure.gravatar.com\/avatar\/c5f0e1885a5e8b1905135a235b43a55295743b0046eb0eeb42d4df7a2ef37366?s=96&d=mm&r=g\",\"contentUrl\":\"https:\/\/secure.gravatar.com\/avatar\/c5f0e1885a5e8b1905135a235b43a55295743b0046eb0eeb42d4df7a2ef37366?s=96&d=mm&r=g\",\"caption\":\"admin\"},\"sameAs\":[\"https:\/\/staging.wearensn.com\"],\"url\":\"https:\/\/www.wearensn.com\/es\/author\/staging_nsn\/\"}]}<\/script>\n<!-- \/ Yoast SEO plugin. -->","yoast_head_json":{"title":"Andr\u00e9s Iniesta lanza \u2018La mente tambi\u00e9n juega\u2019, una mirada \u00edntima a la salud mental en el f\u00fatbol de \u00e9lite - We Are NSN","description":"Publicado por Espasa y producido por NSN, el libro recoge el testimonio personal de Andr\u00e9s Iniesta y de los profesionales que lo acompa\u00f1aron en uno de los momentos m\u00e1s dif\u00edciles de su carrera.","robots":{"index":"index","follow":"follow","max-snippet":"max-snippet:-1","max-image-preview":"max-image-preview:large","max-video-preview":"max-video-preview:-1"},"canonical":"https:\/\/www.wearensn.com\/es\/andres-iniesta-lanza-la-mente-tambien-juega-una-mirada-intima-a-la-salud-mental-en-el-futbol-de-elite\/","og_locale":"es_ES","og_type":"article","og_title":"Andr\u00e9s Iniesta lanza \u2018La mente tambi\u00e9n juega\u2019, una mirada \u00edntima a la salud mental en el f\u00fatbol de \u00e9lite - We Are NSN","og_description":"Publicado por Espasa y producido por NSN, el libro recoge el testimonio personal de Andr\u00e9s Iniesta y de los profesionales que lo acompa\u00f1aron en uno de los momentos m\u00e1s dif\u00edciles de su carrera.","og_url":"https:\/\/www.wearensn.com\/es\/andres-iniesta-lanza-la-mente-tambien-juega-una-mirada-intima-a-la-salud-mental-en-el-futbol-de-elite\/","og_site_name":"We Are NSN","article_published_time":"2025-04-30T13:02:47+00:00","article_modified_time":"2025-04-30T13:05:01+00:00","og_image":[{"width":650,"height":470,"url":"https:\/\/www.wearensn.com\/wp-content\/uploads\/2025\/04\/Fresh-News_Portada-1.jpg","type":"image\/jpeg"}],"author":"admin","twitter_card":"summary_large_image","twitter_misc":{"Escrito por":"admin","Tiempo de lectura":"1 minuto"},"schema":{"@context":"https:\/\/schema.org","@graph":[{"@type":"Article","@id":"https:\/\/www.wearensn.com\/es\/andres-iniesta-lanza-la-mente-tambien-juega-una-mirada-intima-a-la-salud-mental-en-el-futbol-de-elite\/#article","isPartOf":{"@id":"https:\/\/www.wearensn.com\/es\/andres-iniesta-lanza-la-mente-tambien-juega-una-mirada-intima-a-la-salud-mental-en-el-futbol-de-elite\/"},"author":{"name":"admin","@id":"https:\/\/www.wearensn.com\/es\/#\/schema\/person\/ec9b85583f2ab426f24c3d44220ea7b4"},"headline":"Andr\u00e9s Iniesta lanza \u2018La mente tambi\u00e9n juega\u2019, una mirada \u00edntima a la salud mental en el f\u00fatbol de \u00e9lite","datePublished":"2025-04-30T13:02:47+00:00","dateModified":"2025-04-30T13:05:01+00:00","mainEntityOfPage":{"@id":"https:\/\/www.wearensn.com\/es\/andres-iniesta-lanza-la-mente-tambien-juega-una-mirada-intima-a-la-salud-mental-en-el-futbol-de-elite\/"},"wordCount":260,"publisher":{"@id":"https:\/\/www.wearensn.com\/es\/#organization"},"image":{"@id":"https:\/\/www.wearensn.com\/es\/andres-iniesta-lanza-la-mente-tambien-juega-una-mirada-intima-a-la-salud-mental-en-el-futbol-de-elite\/#primaryimage"},"thumbnailUrl":"https:\/\/www.wearensn.com\/wp-content\/uploads\/2025\/04\/Fresh-News_Portada-1.jpg","articleSection":["Media Productions"],"inLanguage":"es"},{"@type":"WebPage","@id":"https:\/\/www.wearensn.com\/es\/andres-iniesta-lanza-la-mente-tambien-juega-una-mirada-intima-a-la-salud-mental-en-el-futbol-de-elite\/","url":"https:\/\/www.wearensn.com\/es\/andres-iniesta-lanza-la-mente-tambien-juega-una-mirada-intima-a-la-salud-mental-en-el-futbol-de-elite\/","name":"Andr\u00e9s Iniesta lanza \u2018La mente tambi\u00e9n juega\u2019, una mirada \u00edntima a la salud mental en el f\u00fatbol de \u00e9lite - We Are NSN","isPartOf":{"@id":"https:\/\/www.wearensn.com\/es\/#website"},"primaryImageOfPage":{"@id":"https:\/\/www.wearensn.com\/es\/andres-iniesta-lanza-la-mente-tambien-juega-una-mirada-intima-a-la-salud-mental-en-el-futbol-de-elite\/#primaryimage"},"image":{"@id":"https:\/\/www.wearensn.com\/es\/andres-iniesta-lanza-la-mente-tambien-juega-una-mirada-intima-a-la-salud-mental-en-el-futbol-de-elite\/#primaryimage"},"thumbnailUrl":"https:\/\/www.wearensn.com\/wp-content\/uploads\/2025\/04\/Fresh-News_Portada-1.jpg","datePublished":"2025-04-30T13:02:47+00:00","dateModified":"2025-04-30T13:05:01+00:00","description":"Publicado por Espasa y producido por NSN, el libro recoge el testimonio personal de Andr\u00e9s Iniesta y de los profesionales que lo acompa\u00f1aron en uno de los momentos m\u00e1s dif\u00edciles de su carrera.","breadcrumb":{"@id":"https:\/\/www.wearensn.com\/es\/andres-iniesta-lanza-la-mente-tambien-juega-una-mirada-intima-a-la-salud-mental-en-el-futbol-de-elite\/#breadcrumb"},"inLanguage":"es","potentialAction":[{"@type":"ReadAction","target":["https:\/\/www.wearensn.com\/es\/andres-iniesta-lanza-la-mente-tambien-juega-una-mirada-intima-a-la-salud-mental-en-el-futbol-de-elite\/"]}]},{"@type":"ImageObject","inLanguage":"es","@id":"https:\/\/www.wearensn.com\/es\/andres-iniesta-lanza-la-mente-tambien-juega-una-mirada-intima-a-la-salud-mental-en-el-futbol-de-elite\/#primaryimage","url":"https:\/\/www.wearensn.com\/wp-content\/uploads\/2025\/04\/Fresh-News_Portada-1.jpg","contentUrl":"https:\/\/www.wearensn.com\/wp-content\/uploads\/2025\/04\/Fresh-News_Portada-1.jpg","width":650,"height":470},{"@type":"BreadcrumbList","@id":"https:\/\/www.wearensn.com\/es\/andres-iniesta-lanza-la-mente-tambien-juega-una-mirada-intima-a-la-salud-mental-en-el-futbol-de-elite\/#breadcrumb","itemListElement":[{"@type":"ListItem","position":1,"name":"Home","item":"https:\/\/www.wearensn.com\/es\/home\/"},{"@type":"ListItem","position":2,"name":"Andr\u00e9s Iniesta lanza \u2018La mente tambi\u00e9n juega\u2019, una mirada \u00edntima a la salud mental en el f\u00fatbol de \u00e9lite"}]},{"@type":"WebSite","@id":"https:\/\/www.wearensn.com\/es\/#website","url":"https:\/\/www.wearensn.com\/es\/","name":"We Are NSN","description":"Sports &amp; Entertainment","publisher":{"@id":"https:\/\/www.wearensn.com\/es\/#organization"},"potentialAction":[{"@type":"SearchAction","target":{"@type":"EntryPoint","urlTemplate":"https:\/\/www.wearensn.com\/es\/?s={search_term_string}"},"query-input":{"@type":"PropertyValueSpecification","valueRequired":true,"valueName":"search_term_string"}}],"inLanguage":"es"},{"@type":"Organization","@id":"https:\/\/www.wearensn.com\/es\/#organization","name":"We Are NSN","url":"https:\/\/www.wearensn.com\/es\/","logo":{"@type":"ImageObject","inLanguage":"es","@id":"https:\/\/www.wearensn.com\/es\/#\/schema\/logo\/image\/","url":"https:\/\/www.wearensn.com\/wp-content\/uploads\/2023\/08\/cropped-Favicon-never-say-never.png","contentUrl":"https:\/\/www.wearensn.com\/wp-content\/uploads\/2023\/08\/cropped-Favicon-never-say-never.png","width":512,"height":512,"caption":"We Are NSN"},"image":{"@id":"https:\/\/www.wearensn.com\/es\/#\/schema\/logo\/image\/"}},{"@type":"Person","@id":"https:\/\/www.wearensn.com\/es\/#\/schema\/person\/ec9b85583f2ab426f24c3d44220ea7b4","name":"admin","image":{"@type":"ImageObject","inLanguage":"es","@id":"https:\/\/www.wearensn.com\/es\/#\/schema\/person\/image\/","url":"https:\/\/secure.gravatar.com\/avatar\/c5f0e1885a5e8b1905135a235b43a55295743b0046eb0eeb42d4df7a2ef37366?s=96&d=mm&r=g","contentUrl":"https:\/\/secure.gravatar.com\/avatar\/c5f0e1885a5e8b1905135a235b43a55295743b0046eb0eeb42d4df7a2ef37366?s=96&d=mm&r=g","caption":"admin"},"sameAs":["https:\/\/staging.wearensn.com"],"url":"https:\/\/www.wearensn.com\/es\/author\/staging_nsn\/"}]}},"_links":{"self":[{"href":"https:\/\/www.wearensn.com\/es\/wp-json\/wp\/v2\/posts\/12903","targetHints":{"allow":["GET"]}}],"collection":[{"href":"https:\/\/www.wearensn.com\/es\/wp-json\/wp\/v2\/posts"}],"about":[{"href":"https:\/\/www.wearensn.com\/es\/wp-json\/wp\/v2\/types\/post"}],"author":[{"embeddable":true,"href":"https:\/\/www.wearensn.com\/es\/wp-json\/wp\/v2\/users\/1"}],"replies":[{"embeddable":true,"href":"https:\/\/www.wearensn.com\/es\/wp-json\/wp\/v2\/comments?post=12903"}],"version-history":[{"count":1,"href":"https:\/\/www.wearensn.com\/es\/wp-json\/wp\/v2\/posts\/12903\/revisions"}],"predecessor-version":[{"id":12904,"href":"https:\/\/www.wearensn.com\/es\/wp-json\/wp\/v2\/posts\/12903\/revisions\/12904"}],"wp:featuredmedia":[{"embeddable":true,"href":"https:\/\/www.wearensn.com\/es\/wp-json\/wp\/v2\/media\/12899"}],"wp:attachment":[{"href":"https:\/\/www.wearensn.com\/es\/wp-json\/wp\/v2\/media?parent=12903"}],"wp:term":[{"taxonomy":"category","embeddable":true,"href":"https:\/\/www.wearensn.com\/es\/wp-json\/wp\/v2\/categories?post=12903"},{"taxonomy":"post_tag","embeddable":true,"href":"https:\/\/www.wearensn.com\/es\/wp-json\/wp\/v2\/tags?post=12903"}],"curies":[{"name":"wp","href":"https:\/\/api.w.org\/{rel}","templated":true}]}}