{"id":12477,"date":"2025-02-18T08:28:25","date_gmt":"2025-02-18T08:28:25","guid":{"rendered":"https:\/\/www.wearensn.com\/nsn-y-carcelen-management-sellan-una-alianza-para-conectar-talentos-con-marcas\/"},"modified":"2025-02-18T08:33:51","modified_gmt":"2025-02-18T08:33:51","slug":"nsn-y-carcelen-management-sellan-una-alianza-para-conectar-talentos-con-marcas","status":"publish","type":"post","link":"https:\/\/www.wearensn.com\/es\/nsn-y-carcelen-management-sellan-una-alianza-para-conectar-talentos-con-marcas\/","title":{"rendered":"NSN y Carcel\u00e9n Management sellan una alianza para conectar talentos con marcas"},"content":{"rendered":"\n<p><em><em><em><em>Ambas compa\u00f1\u00edas firman un acuerdo estrat\u00e9gico para impulsar campa\u00f1as publicitarias creativas e innovadoras para grandes talentos como Dani Rovira, Ana Fern\u00e1ndez, Cristina Casta\u00f1o o Fernando Tejero<\/em><\/em><\/em><\/em><\/p>\n\n<p>NSN (Never say never) y Carcel\u00e9n Management han firmado un acuerdo estrat\u00e9gico para unir sus fuerzas y conseguir impulsar campa\u00f1as publicitarias creativas que conecten talentos del \u00e1mbito del entretenimiento con marcas l\u00edderes. Carcel\u00e9n Management cuenta en su cartera con nombres como Dani Rovira, Fernando Tejero, Cristina Casta\u00f1o, Pablo Chiapella o Ana Fern\u00e1ndez. <\/p>\n\n<p>El objetivo de esta alianza es combinar la experiencia y el prestigio de Carcel\u00e9n Management en el \u00e1mbito del entretenimiento con la capacidad de NSN para conectar talentos con marcas l\u00edderes, generando nuevas oportunidades comerciales y reforzando el v\u00ednculo entre el mundo del espect\u00e1culo y la publicidad. A trav\u00e9s de este acuerdo, NSN apoyar\u00e1 a Carcel\u00e9n Management en tres \u00e1reas fundamentales. <\/p>\n\n<p>En primer lugar con su estrategia de comunicaci\u00f3n para fortalecer el posicionamiento medi\u00e1tico y la conexi\u00f3n de sus talentos con marcas l\u00edderes. Tambi\u00e9n la producci\u00f3n de contenidos, aportando recursos creativos y t\u00e9cnicos para la creaci\u00f3n de contenido audiovisual innovador y de alto impacto. Y finalmente en la consolidaci\u00f3n de su equipo comercial, potenciando la monetizaci\u00f3n de los talentos gestionados por Carcel\u00e9n, conect\u00e1ndolos con oportunidades comerciales de primer nivel.<br\/>  <\/p>\n\n<p><\/p>\n\n<p><\/p>\n","protected":false},"excerpt":{"rendered":"<p>Ambas compa\u00f1\u00edas firman un acuerdo estrat\u00e9gico para impulsar campa\u00f1as publicitarias creativas e innovadoras para grandes talentos como Dani Rovira, Ana Fern\u00e1ndez, Cristina Casta\u00f1o o Fernando Tejero NSN (Never say never) y Carcel\u00e9n Management han firmado un acuerdo estrat\u00e9gico para unir sus fuerzas y conseguir impulsar campa\u00f1as publicitarias creativas que conecten talentos del \u00e1mbito del entretenimiento [&hellip;]<\/p>\n","protected":false},"author":1,"featured_media":12472,"comment_status":"closed","ping_status":"closed","sticky":false,"template":"","format":"standard","meta":{"_acf_changed":false,"content-type":"","footnotes":""},"categories":[33],"tags":[],"class_list":["post-12477","post","type-post","status-publish","format-standard","has-post-thumbnail","hentry","category-live-experiences-es"],"acf":[],"yoast_head":"<!-- This site is optimized with the Yoast SEO plugin v27.1.1 - https:\/\/yoast.com\/product\/yoast-seo-wordpress\/ -->\n<title>NSN y Carcel\u00e9n Management sellan una alianza para conectar talentos con marcas - We Are NSN<\/title>\n<meta name=\"description\" content=\"Ambas compa\u00f1\u00edas firman un acuerdo estrat\u00e9gico para impulsar campa\u00f1as publicitarias creativas e innovadoras para grandes talentos como Dani Rovira, Ana Fern\u00e1ndez, Cristina Casta\u00f1o o Fernando Tejero\" \/>\n<meta name=\"robots\" content=\"index, follow, max-snippet:-1, max-image-preview:large, max-video-preview:-1\" \/>\n<link rel=\"canonical\" href=\"https:\/\/www.wearensn.com\/es\/nsn-y-carcelen-management-sellan-una-alianza-para-conectar-talentos-con-marcas\/\" \/>\n<meta property=\"og:locale\" content=\"es_ES\" \/>\n<meta property=\"og:type\" content=\"article\" \/>\n<meta property=\"og:title\" content=\"NSN y Carcel\u00e9n Management sellan una alianza para conectar talentos con marcas - We Are NSN\" \/>\n<meta property=\"og:description\" content=\"Ambas compa\u00f1\u00edas firman un acuerdo estrat\u00e9gico para impulsar campa\u00f1as publicitarias creativas e innovadoras para grandes talentos como Dani Rovira, Ana Fern\u00e1ndez, Cristina Casta\u00f1o o Fernando Tejero\" \/>\n<meta property=\"og:url\" content=\"https:\/\/www.wearensn.com\/es\/nsn-y-carcelen-management-sellan-una-alianza-para-conectar-talentos-con-marcas\/\" \/>\n<meta property=\"og:site_name\" content=\"We Are NSN\" \/>\n<meta property=\"article:published_time\" content=\"2025-02-18T08:28:25+00:00\" \/>\n<meta property=\"article:modified_time\" content=\"2025-02-18T08:33:51+00:00\" \/>\n<meta property=\"og:image\" content=\"https:\/\/www.wearensn.com\/wp-content\/uploads\/2025\/02\/250217_NSN-x-Carcelen_650x470.jpg\" \/>\n\t<meta property=\"og:image:width\" content=\"650\" \/>\n\t<meta property=\"og:image:height\" content=\"470\" \/>\n\t<meta property=\"og:image:type\" content=\"image\/jpeg\" \/>\n<meta name=\"author\" content=\"admin\" \/>\n<meta name=\"twitter:card\" content=\"summary_large_image\" \/>\n<meta name=\"twitter:label1\" content=\"Escrito por\" \/>\n\t<meta name=\"twitter:data1\" content=\"admin\" \/>\n\t<meta name=\"twitter:label2\" content=\"Tiempo de lectura\" \/>\n\t<meta name=\"twitter:data2\" content=\"1 minuto\" \/>\n<script type=\"application\/ld+json\" class=\"yoast-schema-graph\">{\"@context\":\"https:\/\/schema.org\",\"@graph\":[{\"@type\":\"Article\",\"@id\":\"https:\/\/www.wearensn.com\/es\/nsn-y-carcelen-management-sellan-una-alianza-para-conectar-talentos-con-marcas\/#article\",\"isPartOf\":{\"@id\":\"https:\/\/www.wearensn.com\/es\/nsn-y-carcelen-management-sellan-una-alianza-para-conectar-talentos-con-marcas\/\"},\"author\":{\"name\":\"admin\",\"@id\":\"https:\/\/www.wearensn.com\/es\/#\/schema\/person\/ec9b85583f2ab426f24c3d44220ea7b4\"},\"headline\":\"NSN y Carcel\u00e9n Management sellan una alianza para conectar talentos con marcas\",\"datePublished\":\"2025-02-18T08:28:25+00:00\",\"dateModified\":\"2025-02-18T08:33:51+00:00\",\"mainEntityOfPage\":{\"@id\":\"https:\/\/www.wearensn.com\/es\/nsn-y-carcelen-management-sellan-una-alianza-para-conectar-talentos-con-marcas\/\"},\"wordCount\":250,\"publisher\":{\"@id\":\"https:\/\/www.wearensn.com\/es\/#organization\"},\"image\":{\"@id\":\"https:\/\/www.wearensn.com\/es\/nsn-y-carcelen-management-sellan-una-alianza-para-conectar-talentos-con-marcas\/#primaryimage\"},\"thumbnailUrl\":\"https:\/\/www.wearensn.com\/wp-content\/uploads\/2025\/02\/250217_NSN-x-Carcelen_650x470.jpg\",\"articleSection\":[\"Live Experiences\"],\"inLanguage\":\"es\"},{\"@type\":\"WebPage\",\"@id\":\"https:\/\/www.wearensn.com\/es\/nsn-y-carcelen-management-sellan-una-alianza-para-conectar-talentos-con-marcas\/\",\"url\":\"https:\/\/www.wearensn.com\/es\/nsn-y-carcelen-management-sellan-una-alianza-para-conectar-talentos-con-marcas\/\",\"name\":\"NSN y Carcel\u00e9n Management sellan una alianza para conectar talentos con marcas - We Are NSN\",\"isPartOf\":{\"@id\":\"https:\/\/www.wearensn.com\/es\/#website\"},\"primaryImageOfPage\":{\"@id\":\"https:\/\/www.wearensn.com\/es\/nsn-y-carcelen-management-sellan-una-alianza-para-conectar-talentos-con-marcas\/#primaryimage\"},\"image\":{\"@id\":\"https:\/\/www.wearensn.com\/es\/nsn-y-carcelen-management-sellan-una-alianza-para-conectar-talentos-con-marcas\/#primaryimage\"},\"thumbnailUrl\":\"https:\/\/www.wearensn.com\/wp-content\/uploads\/2025\/02\/250217_NSN-x-Carcelen_650x470.jpg\",\"datePublished\":\"2025-02-18T08:28:25+00:00\",\"dateModified\":\"2025-02-18T08:33:51+00:00\",\"description\":\"Ambas compa\u00f1\u00edas firman un acuerdo estrat\u00e9gico para impulsar campa\u00f1as publicitarias creativas e innovadoras para grandes talentos como Dani Rovira, Ana Fern\u00e1ndez, Cristina Casta\u00f1o o Fernando Tejero\",\"breadcrumb\":{\"@id\":\"https:\/\/www.wearensn.com\/es\/nsn-y-carcelen-management-sellan-una-alianza-para-conectar-talentos-con-marcas\/#breadcrumb\"},\"inLanguage\":\"es\",\"potentialAction\":[{\"@type\":\"ReadAction\",\"target\":[\"https:\/\/www.wearensn.com\/es\/nsn-y-carcelen-management-sellan-una-alianza-para-conectar-talentos-con-marcas\/\"]}]},{\"@type\":\"ImageObject\",\"inLanguage\":\"es\",\"@id\":\"https:\/\/www.wearensn.com\/es\/nsn-y-carcelen-management-sellan-una-alianza-para-conectar-talentos-con-marcas\/#primaryimage\",\"url\":\"https:\/\/www.wearensn.com\/wp-content\/uploads\/2025\/02\/250217_NSN-x-Carcelen_650x470.jpg\",\"contentUrl\":\"https:\/\/www.wearensn.com\/wp-content\/uploads\/2025\/02\/250217_NSN-x-Carcelen_650x470.jpg\",\"width\":650,\"height\":470},{\"@type\":\"BreadcrumbList\",\"@id\":\"https:\/\/www.wearensn.com\/es\/nsn-y-carcelen-management-sellan-una-alianza-para-conectar-talentos-con-marcas\/#breadcrumb\",\"itemListElement\":[{\"@type\":\"ListItem\",\"position\":1,\"name\":\"Home\",\"item\":\"https:\/\/www.wearensn.com\/es\/home\/\"},{\"@type\":\"ListItem\",\"position\":2,\"name\":\"NSN y Carcel\u00e9n Management sellan una alianza para conectar talentos con marcas\"}]},{\"@type\":\"WebSite\",\"@id\":\"https:\/\/www.wearensn.com\/es\/#website\",\"url\":\"https:\/\/www.wearensn.com\/es\/\",\"name\":\"We Are NSN\",\"description\":\"Sports &amp; Entertainment\",\"publisher\":{\"@id\":\"https:\/\/www.wearensn.com\/es\/#organization\"},\"potentialAction\":[{\"@type\":\"SearchAction\",\"target\":{\"@type\":\"EntryPoint\",\"urlTemplate\":\"https:\/\/www.wearensn.com\/es\/?s={search_term_string}\"},\"query-input\":{\"@type\":\"PropertyValueSpecification\",\"valueRequired\":true,\"valueName\":\"search_term_string\"}}],\"inLanguage\":\"es\"},{\"@type\":\"Organization\",\"@id\":\"https:\/\/www.wearensn.com\/es\/#organization\",\"name\":\"We Are NSN\",\"url\":\"https:\/\/www.wearensn.com\/es\/\",\"logo\":{\"@type\":\"ImageObject\",\"inLanguage\":\"es\",\"@id\":\"https:\/\/www.wearensn.com\/es\/#\/schema\/logo\/image\/\",\"url\":\"https:\/\/www.wearensn.com\/wp-content\/uploads\/2023\/08\/cropped-Favicon-never-say-never.png\",\"contentUrl\":\"https:\/\/www.wearensn.com\/wp-content\/uploads\/2023\/08\/cropped-Favicon-never-say-never.png\",\"width\":512,\"height\":512,\"caption\":\"We Are NSN\"},\"image\":{\"@id\":\"https:\/\/www.wearensn.com\/es\/#\/schema\/logo\/image\/\"}},{\"@type\":\"Person\",\"@id\":\"https:\/\/www.wearensn.com\/es\/#\/schema\/person\/ec9b85583f2ab426f24c3d44220ea7b4\",\"name\":\"admin\",\"image\":{\"@type\":\"ImageObject\",\"inLanguage\":\"es\",\"@id\":\"https:\/\/www.wearensn.com\/es\/#\/schema\/person\/image\/\",\"url\":\"https:\/\/secure.gravatar.com\/avatar\/c5f0e1885a5e8b1905135a235b43a55295743b0046eb0eeb42d4df7a2ef37366?s=96&d=mm&r=g\",\"contentUrl\":\"https:\/\/secure.gravatar.com\/avatar\/c5f0e1885a5e8b1905135a235b43a55295743b0046eb0eeb42d4df7a2ef37366?s=96&d=mm&r=g\",\"caption\":\"admin\"},\"sameAs\":[\"https:\/\/staging.wearensn.com\"],\"url\":\"https:\/\/www.wearensn.com\/es\/author\/staging_nsn\/\"}]}<\/script>\n<!-- \/ Yoast SEO plugin. -->","yoast_head_json":{"title":"NSN y Carcel\u00e9n Management sellan una alianza para conectar talentos con marcas - We Are NSN","description":"Ambas compa\u00f1\u00edas firman un acuerdo estrat\u00e9gico para impulsar campa\u00f1as publicitarias creativas e innovadoras para grandes talentos como Dani Rovira, Ana Fern\u00e1ndez, Cristina Casta\u00f1o o Fernando Tejero","robots":{"index":"index","follow":"follow","max-snippet":"max-snippet:-1","max-image-preview":"max-image-preview:large","max-video-preview":"max-video-preview:-1"},"canonical":"https:\/\/www.wearensn.com\/es\/nsn-y-carcelen-management-sellan-una-alianza-para-conectar-talentos-con-marcas\/","og_locale":"es_ES","og_type":"article","og_title":"NSN y Carcel\u00e9n Management sellan una alianza para conectar talentos con marcas - We Are NSN","og_description":"Ambas compa\u00f1\u00edas firman un acuerdo estrat\u00e9gico para impulsar campa\u00f1as publicitarias creativas e innovadoras para grandes talentos como Dani Rovira, Ana Fern\u00e1ndez, Cristina Casta\u00f1o o Fernando Tejero","og_url":"https:\/\/www.wearensn.com\/es\/nsn-y-carcelen-management-sellan-una-alianza-para-conectar-talentos-con-marcas\/","og_site_name":"We Are NSN","article_published_time":"2025-02-18T08:28:25+00:00","article_modified_time":"2025-02-18T08:33:51+00:00","og_image":[{"width":650,"height":470,"url":"https:\/\/www.wearensn.com\/wp-content\/uploads\/2025\/02\/250217_NSN-x-Carcelen_650x470.jpg","type":"image\/jpeg"}],"author":"admin","twitter_card":"summary_large_image","twitter_misc":{"Escrito por":"admin","Tiempo de lectura":"1 minuto"},"schema":{"@context":"https:\/\/schema.org","@graph":[{"@type":"Article","@id":"https:\/\/www.wearensn.com\/es\/nsn-y-carcelen-management-sellan-una-alianza-para-conectar-talentos-con-marcas\/#article","isPartOf":{"@id":"https:\/\/www.wearensn.com\/es\/nsn-y-carcelen-management-sellan-una-alianza-para-conectar-talentos-con-marcas\/"},"author":{"name":"admin","@id":"https:\/\/www.wearensn.com\/es\/#\/schema\/person\/ec9b85583f2ab426f24c3d44220ea7b4"},"headline":"NSN y Carcel\u00e9n Management sellan una alianza para conectar talentos con marcas","datePublished":"2025-02-18T08:28:25+00:00","dateModified":"2025-02-18T08:33:51+00:00","mainEntityOfPage":{"@id":"https:\/\/www.wearensn.com\/es\/nsn-y-carcelen-management-sellan-una-alianza-para-conectar-talentos-con-marcas\/"},"wordCount":250,"publisher":{"@id":"https:\/\/www.wearensn.com\/es\/#organization"},"image":{"@id":"https:\/\/www.wearensn.com\/es\/nsn-y-carcelen-management-sellan-una-alianza-para-conectar-talentos-con-marcas\/#primaryimage"},"thumbnailUrl":"https:\/\/www.wearensn.com\/wp-content\/uploads\/2025\/02\/250217_NSN-x-Carcelen_650x470.jpg","articleSection":["Live Experiences"],"inLanguage":"es"},{"@type":"WebPage","@id":"https:\/\/www.wearensn.com\/es\/nsn-y-carcelen-management-sellan-una-alianza-para-conectar-talentos-con-marcas\/","url":"https:\/\/www.wearensn.com\/es\/nsn-y-carcelen-management-sellan-una-alianza-para-conectar-talentos-con-marcas\/","name":"NSN y Carcel\u00e9n Management sellan una alianza para conectar talentos con marcas - We Are NSN","isPartOf":{"@id":"https:\/\/www.wearensn.com\/es\/#website"},"primaryImageOfPage":{"@id":"https:\/\/www.wearensn.com\/es\/nsn-y-carcelen-management-sellan-una-alianza-para-conectar-talentos-con-marcas\/#primaryimage"},"image":{"@id":"https:\/\/www.wearensn.com\/es\/nsn-y-carcelen-management-sellan-una-alianza-para-conectar-talentos-con-marcas\/#primaryimage"},"thumbnailUrl":"https:\/\/www.wearensn.com\/wp-content\/uploads\/2025\/02\/250217_NSN-x-Carcelen_650x470.jpg","datePublished":"2025-02-18T08:28:25+00:00","dateModified":"2025-02-18T08:33:51+00:00","description":"Ambas compa\u00f1\u00edas firman un acuerdo estrat\u00e9gico para impulsar campa\u00f1as publicitarias creativas e innovadoras para grandes talentos como Dani Rovira, Ana Fern\u00e1ndez, Cristina Casta\u00f1o o Fernando Tejero","breadcrumb":{"@id":"https:\/\/www.wearensn.com\/es\/nsn-y-carcelen-management-sellan-una-alianza-para-conectar-talentos-con-marcas\/#breadcrumb"},"inLanguage":"es","potentialAction":[{"@type":"ReadAction","target":["https:\/\/www.wearensn.com\/es\/nsn-y-carcelen-management-sellan-una-alianza-para-conectar-talentos-con-marcas\/"]}]},{"@type":"ImageObject","inLanguage":"es","@id":"https:\/\/www.wearensn.com\/es\/nsn-y-carcelen-management-sellan-una-alianza-para-conectar-talentos-con-marcas\/#primaryimage","url":"https:\/\/www.wearensn.com\/wp-content\/uploads\/2025\/02\/250217_NSN-x-Carcelen_650x470.jpg","contentUrl":"https:\/\/www.wearensn.com\/wp-content\/uploads\/2025\/02\/250217_NSN-x-Carcelen_650x470.jpg","width":650,"height":470},{"@type":"BreadcrumbList","@id":"https:\/\/www.wearensn.com\/es\/nsn-y-carcelen-management-sellan-una-alianza-para-conectar-talentos-con-marcas\/#breadcrumb","itemListElement":[{"@type":"ListItem","position":1,"name":"Home","item":"https:\/\/www.wearensn.com\/es\/home\/"},{"@type":"ListItem","position":2,"name":"NSN y Carcel\u00e9n Management sellan una alianza para conectar talentos con marcas"}]},{"@type":"WebSite","@id":"https:\/\/www.wearensn.com\/es\/#website","url":"https:\/\/www.wearensn.com\/es\/","name":"We Are NSN","description":"Sports &amp; Entertainment","publisher":{"@id":"https:\/\/www.wearensn.com\/es\/#organization"},"potentialAction":[{"@type":"SearchAction","target":{"@type":"EntryPoint","urlTemplate":"https:\/\/www.wearensn.com\/es\/?s={search_term_string}"},"query-input":{"@type":"PropertyValueSpecification","valueRequired":true,"valueName":"search_term_string"}}],"inLanguage":"es"},{"@type":"Organization","@id":"https:\/\/www.wearensn.com\/es\/#organization","name":"We Are NSN","url":"https:\/\/www.wearensn.com\/es\/","logo":{"@type":"ImageObject","inLanguage":"es","@id":"https:\/\/www.wearensn.com\/es\/#\/schema\/logo\/image\/","url":"https:\/\/www.wearensn.com\/wp-content\/uploads\/2023\/08\/cropped-Favicon-never-say-never.png","contentUrl":"https:\/\/www.wearensn.com\/wp-content\/uploads\/2023\/08\/cropped-Favicon-never-say-never.png","width":512,"height":512,"caption":"We Are NSN"},"image":{"@id":"https:\/\/www.wearensn.com\/es\/#\/schema\/logo\/image\/"}},{"@type":"Person","@id":"https:\/\/www.wearensn.com\/es\/#\/schema\/person\/ec9b85583f2ab426f24c3d44220ea7b4","name":"admin","image":{"@type":"ImageObject","inLanguage":"es","@id":"https:\/\/www.wearensn.com\/es\/#\/schema\/person\/image\/","url":"https:\/\/secure.gravatar.com\/avatar\/c5f0e1885a5e8b1905135a235b43a55295743b0046eb0eeb42d4df7a2ef37366?s=96&d=mm&r=g","contentUrl":"https:\/\/secure.gravatar.com\/avatar\/c5f0e1885a5e8b1905135a235b43a55295743b0046eb0eeb42d4df7a2ef37366?s=96&d=mm&r=g","caption":"admin"},"sameAs":["https:\/\/staging.wearensn.com"],"url":"https:\/\/www.wearensn.com\/es\/author\/staging_nsn\/"}]}},"_links":{"self":[{"href":"https:\/\/www.wearensn.com\/es\/wp-json\/wp\/v2\/posts\/12477","targetHints":{"allow":["GET"]}}],"collection":[{"href":"https:\/\/www.wearensn.com\/es\/wp-json\/wp\/v2\/posts"}],"about":[{"href":"https:\/\/www.wearensn.com\/es\/wp-json\/wp\/v2\/types\/post"}],"author":[{"embeddable":true,"href":"https:\/\/www.wearensn.com\/es\/wp-json\/wp\/v2\/users\/1"}],"replies":[{"embeddable":true,"href":"https:\/\/www.wearensn.com\/es\/wp-json\/wp\/v2\/comments?post=12477"}],"version-history":[{"count":1,"href":"https:\/\/www.wearensn.com\/es\/wp-json\/wp\/v2\/posts\/12477\/revisions"}],"predecessor-version":[{"id":12478,"href":"https:\/\/www.wearensn.com\/es\/wp-json\/wp\/v2\/posts\/12477\/revisions\/12478"}],"wp:featuredmedia":[{"embeddable":true,"href":"https:\/\/www.wearensn.com\/es\/wp-json\/wp\/v2\/media\/12472"}],"wp:attachment":[{"href":"https:\/\/www.wearensn.com\/es\/wp-json\/wp\/v2\/media?parent=12477"}],"wp:term":[{"taxonomy":"category","embeddable":true,"href":"https:\/\/www.wearensn.com\/es\/wp-json\/wp\/v2\/categories?post=12477"},{"taxonomy":"post_tag","embeddable":true,"href":"https:\/\/www.wearensn.com\/es\/wp-json\/wp\/v2\/tags?post=12477"}],"curies":[{"name":"wp","href":"https:\/\/api.w.org\/{rel}","templated":true}]}}