{"id":12205,"date":"2024-10-09T14:37:57","date_gmt":"2024-10-09T14:37:57","guid":{"rendered":"https:\/\/www.wearensn.com\/andres-iniesta-anuncia-su-futuro-en-el-mundo-del-futbol-en-un-acto-organizado-por-nsn-y-stoneweg\/"},"modified":"2024-10-09T14:42:48","modified_gmt":"2024-10-09T14:42:48","slug":"andres-iniesta-anuncia-su-futuro-en-el-mundo-del-futbol-en-un-acto-organizado-por-nsn-y-stoneweg","status":"publish","type":"post","link":"https:\/\/www.wearensn.com\/es\/andres-iniesta-anuncia-su-futuro-en-el-mundo-del-futbol-en-un-acto-organizado-por-nsn-y-stoneweg\/","title":{"rendered":"Andr\u00e9s Iniesta anuncia su futuro en el mundo del f\u00fatbol en un acto organizado por NSN y Stoneweg"},"content":{"rendered":"\n<p><em><em><em><em>Andr\u00e9s Iniesta ha comunicado cu\u00e1les ser\u00e1n sus pasos tras dejar el f\u00fatbol profesional en un evento producido por NSN y Stoneweg en el centro America\u2019s Cup Experience junto a amigos, familiares y excompa\u00f1eros.<\/em><\/em><\/em><\/em><\/p>\n\n<p>Andr\u00e9s Iniesta no anunci\u00f3 ayer su retirada del mundo del f\u00fatbol. La leyenda del FC Barcelona y de la Selecci\u00f3n Espa\u00f1ola agrup\u00f3 a amigos, familiares y antiguos compa\u00f1eros del terreno de juego para comunicar que no dejar\u00eda de estar vinculado al deporte que le ha dado la vida. Al deporte con el que so\u00f1aba cuando era tan solo un ni\u00f1o de Fuentealbilla, Albacete.  <\/p>\n\n<figure class=\"wp-block-image size-full\"><img fetchpriority=\"high\" decoding=\"async\" width=\"866\" height=\"626\" src=\"https:\/\/www.wearensn.com\/wp-content\/uploads\/2024\/10\/Fresh-News_IMG_1.png\" alt=\"\" class=\"wp-image-12188\" srcset=\"https:\/\/www.wearensn.com\/wp-content\/uploads\/2024\/10\/Fresh-News_IMG_1.png 866w, https:\/\/www.wearensn.com\/wp-content\/uploads\/2024\/10\/Fresh-News_IMG_1-300x217.png 300w, https:\/\/www.wearensn.com\/wp-content\/uploads\/2024\/10\/Fresh-News_IMG_1-768x555.png 768w\" sizes=\"(max-width: 866px) 100vw, 866px\" \/><\/figure>\n\n<p>\u201c\u2018El Juego Contin\u00faa\u2019 es un juego de palabras porque no puedo estar lejos del f\u00fatbol. Ha sido mi vida, lo seguir\u00e1 siendo, la construcci\u00f3n de lo que ser\u00e9 el d\u00eda despu\u00e9s ha sido paso a paso\u201d explicaba el pasado martes 8 de octubre en un acto organizado por NSN y Stoneweg. \u201cDesde hace tiempo llevamos trabajando en varios proyectos. En los \u00faltimos tiempos he conocido a Jaume Sabater con el que he conectado much\u00edsimo. Necesito aprender, desde ya estoy empezando con el curso de entrenador y quiero formarme en esta etapa de esa manera.\u201d <\/p>\n\n<figure class=\"wp-block-image size-full\"><img decoding=\"async\" width=\"866\" height=\"626\" src=\"https:\/\/www.wearensn.com\/wp-content\/uploads\/2024\/10\/Fresh-News_IMG_2-1.png\" alt=\"\" class=\"wp-image-12191\" srcset=\"https:\/\/www.wearensn.com\/wp-content\/uploads\/2024\/10\/Fresh-News_IMG_2-1.png 866w, https:\/\/www.wearensn.com\/wp-content\/uploads\/2024\/10\/Fresh-News_IMG_2-1-300x217.png 300w, https:\/\/www.wearensn.com\/wp-content\/uploads\/2024\/10\/Fresh-News_IMG_2-1-768x555.png 768w\" sizes=\"(max-width: 866px) 100vw, 866px\" \/><\/figure>\n\n<p>As\u00ed contaba el cofundador de NSN cu\u00e1l va a ser su camino a partir de ahora. El centro America\u2019s Cup Experience se llen\u00f3 de prensa de alrededor del mundo y de personajes destacados del mundo del deporte. Joan Laporta, Hansi Flick, jugadores del primer equipo del Bar\u00e7a y antiguos compa\u00f1eros del ya exfutbolista como Xavi Hern\u00e1ndez o Gerard Piqu\u00e9 no se perdieron el evento que marcaba un nuevo comienzo para Iniesta.  <\/p>\n\n<figure class=\"wp-block-image size-full\"><img decoding=\"async\" width=\"866\" height=\"626\" src=\"https:\/\/www.wearensn.com\/wp-content\/uploads\/2024\/10\/Fresh-News_IMG_2.png\" alt=\"\" class=\"wp-image-12194\" srcset=\"https:\/\/www.wearensn.com\/wp-content\/uploads\/2024\/10\/Fresh-News_IMG_2.png 866w, https:\/\/www.wearensn.com\/wp-content\/uploads\/2024\/10\/Fresh-News_IMG_2-300x217.png 300w, https:\/\/www.wearensn.com\/wp-content\/uploads\/2024\/10\/Fresh-News_IMG_2-768x555.png 768w\" sizes=\"(max-width: 866px) 100vw, 866px\" \/><\/figure>\n\n<p>Desde NSN ha sido un verdadero placer organizar un acto de esta magnitud y formar parte de un momento tan importante para nuestro cofundador. Es un orgullo haberle podido acompa\u00f1ar durante todos estos a\u00f1os y saber que conf\u00eda en nosotros para seguir haci\u00e9ndolo en esta nueva aventura. <\/p>\n","protected":false},"excerpt":{"rendered":"<p>Andr\u00e9s Iniesta ha comunicado cu\u00e1les ser\u00e1n sus pasos tras dejar el f\u00fatbol profesional en un evento producido por NSN y Stoneweg en el centro America\u2019s Cup Experience junto a amigos, familiares y excompa\u00f1eros. Andr\u00e9s Iniesta no anunci\u00f3 ayer su retirada del mundo del f\u00fatbol. La leyenda del FC Barcelona y de la Selecci\u00f3n Espa\u00f1ola agrup\u00f3 [&hellip;]<\/p>\n","protected":false},"author":1,"featured_media":12199,"comment_status":"closed","ping_status":"closed","sticky":false,"template":"","format":"standard","meta":{"_acf_changed":false,"content-type":"","footnotes":""},"categories":[36],"tags":[],"class_list":["post-12205","post","type-post","status-publish","format-standard","has-post-thumbnail","hentry","category-talents-es"],"acf":[],"yoast_head":"<!-- This site is optimized with the Yoast SEO plugin v27.1.1 - https:\/\/yoast.com\/product\/yoast-seo-wordpress\/ -->\n<title>Andr\u00e9s Iniesta anuncia su futuro en el mundo del f\u00fatbol en un acto organizado por NSN y Stoneweg - We Are NSN<\/title>\n<meta name=\"description\" content=\"Andr\u00e9s Iniesta ha comunicado cu\u00e1les ser\u00e1n sus pasos tras dejar el f\u00fatbol profesional en un evento producido por NSN y Stoneweg en el centro America\u2019s Cup Experience junto a amigos, familiares y excompa\u00f1eros.\" \/>\n<meta name=\"robots\" content=\"index, follow, max-snippet:-1, max-image-preview:large, max-video-preview:-1\" \/>\n<link rel=\"canonical\" href=\"https:\/\/www.wearensn.com\/es\/andres-iniesta-anuncia-su-futuro-en-el-mundo-del-futbol-en-un-acto-organizado-por-nsn-y-stoneweg\/\" \/>\n<meta property=\"og:locale\" content=\"es_ES\" \/>\n<meta property=\"og:type\" content=\"article\" \/>\n<meta property=\"og:title\" content=\"Andr\u00e9s Iniesta anuncia su futuro en el mundo del f\u00fatbol en un acto organizado por NSN y Stoneweg - We Are NSN\" \/>\n<meta property=\"og:description\" content=\"Andr\u00e9s Iniesta ha comunicado cu\u00e1les ser\u00e1n sus pasos tras dejar el f\u00fatbol profesional en un evento producido por NSN y Stoneweg en el centro America\u2019s Cup Experience junto a amigos, familiares y excompa\u00f1eros.\" \/>\n<meta property=\"og:url\" content=\"https:\/\/www.wearensn.com\/es\/andres-iniesta-anuncia-su-futuro-en-el-mundo-del-futbol-en-un-acto-organizado-por-nsn-y-stoneweg\/\" \/>\n<meta property=\"og:site_name\" content=\"We Are NSN\" \/>\n<meta property=\"article:published_time\" content=\"2024-10-09T14:37:57+00:00\" \/>\n<meta property=\"article:modified_time\" content=\"2024-10-09T14:42:48+00:00\" \/>\n<meta property=\"og:image\" content=\"https:\/\/www.wearensn.com\/wp-content\/uploads\/2024\/10\/Fresh-News_Portada.jpg\" \/>\n\t<meta property=\"og:image:width\" content=\"650\" \/>\n\t<meta property=\"og:image:height\" content=\"470\" \/>\n\t<meta property=\"og:image:type\" content=\"image\/jpeg\" \/>\n<meta name=\"author\" content=\"admin\" \/>\n<meta name=\"twitter:card\" content=\"summary_large_image\" \/>\n<meta name=\"twitter:label1\" content=\"Escrito por\" \/>\n\t<meta name=\"twitter:data1\" content=\"admin\" \/>\n\t<meta name=\"twitter:label2\" content=\"Tiempo de lectura\" \/>\n\t<meta name=\"twitter:data2\" content=\"2 minutos\" \/>\n<script type=\"application\/ld+json\" class=\"yoast-schema-graph\">{\"@context\":\"https:\/\/schema.org\",\"@graph\":[{\"@type\":\"Article\",\"@id\":\"https:\/\/www.wearensn.com\/es\/andres-iniesta-anuncia-su-futuro-en-el-mundo-del-futbol-en-un-acto-organizado-por-nsn-y-stoneweg\/#article\",\"isPartOf\":{\"@id\":\"https:\/\/www.wearensn.com\/es\/andres-iniesta-anuncia-su-futuro-en-el-mundo-del-futbol-en-un-acto-organizado-por-nsn-y-stoneweg\/\"},\"author\":{\"name\":\"admin\",\"@id\":\"https:\/\/www.wearensn.com\/es\/#\/schema\/person\/ec9b85583f2ab426f24c3d44220ea7b4\"},\"headline\":\"Andr\u00e9s Iniesta anuncia su futuro en el mundo del f\u00fatbol en un acto organizado por NSN y Stoneweg\",\"datePublished\":\"2024-10-09T14:37:57+00:00\",\"dateModified\":\"2024-10-09T14:42:48+00:00\",\"mainEntityOfPage\":{\"@id\":\"https:\/\/www.wearensn.com\/es\/andres-iniesta-anuncia-su-futuro-en-el-mundo-del-futbol-en-un-acto-organizado-por-nsn-y-stoneweg\/\"},\"wordCount\":356,\"publisher\":{\"@id\":\"https:\/\/www.wearensn.com\/es\/#organization\"},\"image\":{\"@id\":\"https:\/\/www.wearensn.com\/es\/andres-iniesta-anuncia-su-futuro-en-el-mundo-del-futbol-en-un-acto-organizado-por-nsn-y-stoneweg\/#primaryimage\"},\"thumbnailUrl\":\"https:\/\/www.wearensn.com\/wp-content\/uploads\/2024\/10\/Fresh-News_Portada.jpg\",\"articleSection\":[\"Talents\"],\"inLanguage\":\"es\"},{\"@type\":\"WebPage\",\"@id\":\"https:\/\/www.wearensn.com\/es\/andres-iniesta-anuncia-su-futuro-en-el-mundo-del-futbol-en-un-acto-organizado-por-nsn-y-stoneweg\/\",\"url\":\"https:\/\/www.wearensn.com\/es\/andres-iniesta-anuncia-su-futuro-en-el-mundo-del-futbol-en-un-acto-organizado-por-nsn-y-stoneweg\/\",\"name\":\"Andr\u00e9s Iniesta anuncia su futuro en el mundo del f\u00fatbol en un acto organizado por NSN y Stoneweg - We Are NSN\",\"isPartOf\":{\"@id\":\"https:\/\/www.wearensn.com\/es\/#website\"},\"primaryImageOfPage\":{\"@id\":\"https:\/\/www.wearensn.com\/es\/andres-iniesta-anuncia-su-futuro-en-el-mundo-del-futbol-en-un-acto-organizado-por-nsn-y-stoneweg\/#primaryimage\"},\"image\":{\"@id\":\"https:\/\/www.wearensn.com\/es\/andres-iniesta-anuncia-su-futuro-en-el-mundo-del-futbol-en-un-acto-organizado-por-nsn-y-stoneweg\/#primaryimage\"},\"thumbnailUrl\":\"https:\/\/www.wearensn.com\/wp-content\/uploads\/2024\/10\/Fresh-News_Portada.jpg\",\"datePublished\":\"2024-10-09T14:37:57+00:00\",\"dateModified\":\"2024-10-09T14:42:48+00:00\",\"description\":\"Andr\u00e9s Iniesta ha comunicado cu\u00e1les ser\u00e1n sus pasos tras dejar el f\u00fatbol profesional en un evento producido por NSN y Stoneweg en el centro America\u2019s Cup Experience junto a amigos, familiares y excompa\u00f1eros.\",\"breadcrumb\":{\"@id\":\"https:\/\/www.wearensn.com\/es\/andres-iniesta-anuncia-su-futuro-en-el-mundo-del-futbol-en-un-acto-organizado-por-nsn-y-stoneweg\/#breadcrumb\"},\"inLanguage\":\"es\",\"potentialAction\":[{\"@type\":\"ReadAction\",\"target\":[\"https:\/\/www.wearensn.com\/es\/andres-iniesta-anuncia-su-futuro-en-el-mundo-del-futbol-en-un-acto-organizado-por-nsn-y-stoneweg\/\"]}]},{\"@type\":\"ImageObject\",\"inLanguage\":\"es\",\"@id\":\"https:\/\/www.wearensn.com\/es\/andres-iniesta-anuncia-su-futuro-en-el-mundo-del-futbol-en-un-acto-organizado-por-nsn-y-stoneweg\/#primaryimage\",\"url\":\"https:\/\/www.wearensn.com\/wp-content\/uploads\/2024\/10\/Fresh-News_Portada.jpg\",\"contentUrl\":\"https:\/\/www.wearensn.com\/wp-content\/uploads\/2024\/10\/Fresh-News_Portada.jpg\",\"width\":650,\"height\":470},{\"@type\":\"BreadcrumbList\",\"@id\":\"https:\/\/www.wearensn.com\/es\/andres-iniesta-anuncia-su-futuro-en-el-mundo-del-futbol-en-un-acto-organizado-por-nsn-y-stoneweg\/#breadcrumb\",\"itemListElement\":[{\"@type\":\"ListItem\",\"position\":1,\"name\":\"Home\",\"item\":\"https:\/\/www.wearensn.com\/es\/home\/\"},{\"@type\":\"ListItem\",\"position\":2,\"name\":\"Andr\u00e9s Iniesta anuncia su futuro en el mundo del f\u00fatbol en un acto organizado por NSN y Stoneweg\"}]},{\"@type\":\"WebSite\",\"@id\":\"https:\/\/www.wearensn.com\/es\/#website\",\"url\":\"https:\/\/www.wearensn.com\/es\/\",\"name\":\"We Are NSN\",\"description\":\"Sports &amp; Entertainment\",\"publisher\":{\"@id\":\"https:\/\/www.wearensn.com\/es\/#organization\"},\"potentialAction\":[{\"@type\":\"SearchAction\",\"target\":{\"@type\":\"EntryPoint\",\"urlTemplate\":\"https:\/\/www.wearensn.com\/es\/?s={search_term_string}\"},\"query-input\":{\"@type\":\"PropertyValueSpecification\",\"valueRequired\":true,\"valueName\":\"search_term_string\"}}],\"inLanguage\":\"es\"},{\"@type\":\"Organization\",\"@id\":\"https:\/\/www.wearensn.com\/es\/#organization\",\"name\":\"We Are NSN\",\"url\":\"https:\/\/www.wearensn.com\/es\/\",\"logo\":{\"@type\":\"ImageObject\",\"inLanguage\":\"es\",\"@id\":\"https:\/\/www.wearensn.com\/es\/#\/schema\/logo\/image\/\",\"url\":\"https:\/\/www.wearensn.com\/wp-content\/uploads\/2023\/08\/cropped-Favicon-never-say-never.png\",\"contentUrl\":\"https:\/\/www.wearensn.com\/wp-content\/uploads\/2023\/08\/cropped-Favicon-never-say-never.png\",\"width\":512,\"height\":512,\"caption\":\"We Are NSN\"},\"image\":{\"@id\":\"https:\/\/www.wearensn.com\/es\/#\/schema\/logo\/image\/\"}},{\"@type\":\"Person\",\"@id\":\"https:\/\/www.wearensn.com\/es\/#\/schema\/person\/ec9b85583f2ab426f24c3d44220ea7b4\",\"name\":\"admin\",\"image\":{\"@type\":\"ImageObject\",\"inLanguage\":\"es\",\"@id\":\"https:\/\/www.wearensn.com\/es\/#\/schema\/person\/image\/\",\"url\":\"https:\/\/secure.gravatar.com\/avatar\/c5f0e1885a5e8b1905135a235b43a55295743b0046eb0eeb42d4df7a2ef37366?s=96&d=mm&r=g\",\"contentUrl\":\"https:\/\/secure.gravatar.com\/avatar\/c5f0e1885a5e8b1905135a235b43a55295743b0046eb0eeb42d4df7a2ef37366?s=96&d=mm&r=g\",\"caption\":\"admin\"},\"sameAs\":[\"https:\/\/staging.wearensn.com\"],\"url\":\"https:\/\/www.wearensn.com\/es\/author\/staging_nsn\/\"}]}<\/script>\n<!-- \/ Yoast SEO plugin. -->","yoast_head_json":{"title":"Andr\u00e9s Iniesta anuncia su futuro en el mundo del f\u00fatbol en un acto organizado por NSN y Stoneweg - We Are NSN","description":"Andr\u00e9s Iniesta ha comunicado cu\u00e1les ser\u00e1n sus pasos tras dejar el f\u00fatbol profesional en un evento producido por NSN y Stoneweg en el centro America\u2019s Cup Experience junto a amigos, familiares y excompa\u00f1eros.","robots":{"index":"index","follow":"follow","max-snippet":"max-snippet:-1","max-image-preview":"max-image-preview:large","max-video-preview":"max-video-preview:-1"},"canonical":"https:\/\/www.wearensn.com\/es\/andres-iniesta-anuncia-su-futuro-en-el-mundo-del-futbol-en-un-acto-organizado-por-nsn-y-stoneweg\/","og_locale":"es_ES","og_type":"article","og_title":"Andr\u00e9s Iniesta anuncia su futuro en el mundo del f\u00fatbol en un acto organizado por NSN y Stoneweg - We Are NSN","og_description":"Andr\u00e9s Iniesta ha comunicado cu\u00e1les ser\u00e1n sus pasos tras dejar el f\u00fatbol profesional en un evento producido por NSN y Stoneweg en el centro America\u2019s Cup Experience junto a amigos, familiares y excompa\u00f1eros.","og_url":"https:\/\/www.wearensn.com\/es\/andres-iniesta-anuncia-su-futuro-en-el-mundo-del-futbol-en-un-acto-organizado-por-nsn-y-stoneweg\/","og_site_name":"We Are NSN","article_published_time":"2024-10-09T14:37:57+00:00","article_modified_time":"2024-10-09T14:42:48+00:00","og_image":[{"width":650,"height":470,"url":"https:\/\/www.wearensn.com\/wp-content\/uploads\/2024\/10\/Fresh-News_Portada.jpg","type":"image\/jpeg"}],"author":"admin","twitter_card":"summary_large_image","twitter_misc":{"Escrito por":"admin","Tiempo de lectura":"2 minutos"},"schema":{"@context":"https:\/\/schema.org","@graph":[{"@type":"Article","@id":"https:\/\/www.wearensn.com\/es\/andres-iniesta-anuncia-su-futuro-en-el-mundo-del-futbol-en-un-acto-organizado-por-nsn-y-stoneweg\/#article","isPartOf":{"@id":"https:\/\/www.wearensn.com\/es\/andres-iniesta-anuncia-su-futuro-en-el-mundo-del-futbol-en-un-acto-organizado-por-nsn-y-stoneweg\/"},"author":{"name":"admin","@id":"https:\/\/www.wearensn.com\/es\/#\/schema\/person\/ec9b85583f2ab426f24c3d44220ea7b4"},"headline":"Andr\u00e9s Iniesta anuncia su futuro en el mundo del f\u00fatbol en un acto organizado por NSN y Stoneweg","datePublished":"2024-10-09T14:37:57+00:00","dateModified":"2024-10-09T14:42:48+00:00","mainEntityOfPage":{"@id":"https:\/\/www.wearensn.com\/es\/andres-iniesta-anuncia-su-futuro-en-el-mundo-del-futbol-en-un-acto-organizado-por-nsn-y-stoneweg\/"},"wordCount":356,"publisher":{"@id":"https:\/\/www.wearensn.com\/es\/#organization"},"image":{"@id":"https:\/\/www.wearensn.com\/es\/andres-iniesta-anuncia-su-futuro-en-el-mundo-del-futbol-en-un-acto-organizado-por-nsn-y-stoneweg\/#primaryimage"},"thumbnailUrl":"https:\/\/www.wearensn.com\/wp-content\/uploads\/2024\/10\/Fresh-News_Portada.jpg","articleSection":["Talents"],"inLanguage":"es"},{"@type":"WebPage","@id":"https:\/\/www.wearensn.com\/es\/andres-iniesta-anuncia-su-futuro-en-el-mundo-del-futbol-en-un-acto-organizado-por-nsn-y-stoneweg\/","url":"https:\/\/www.wearensn.com\/es\/andres-iniesta-anuncia-su-futuro-en-el-mundo-del-futbol-en-un-acto-organizado-por-nsn-y-stoneweg\/","name":"Andr\u00e9s Iniesta anuncia su futuro en el mundo del f\u00fatbol en un acto organizado por NSN y Stoneweg - We Are NSN","isPartOf":{"@id":"https:\/\/www.wearensn.com\/es\/#website"},"primaryImageOfPage":{"@id":"https:\/\/www.wearensn.com\/es\/andres-iniesta-anuncia-su-futuro-en-el-mundo-del-futbol-en-un-acto-organizado-por-nsn-y-stoneweg\/#primaryimage"},"image":{"@id":"https:\/\/www.wearensn.com\/es\/andres-iniesta-anuncia-su-futuro-en-el-mundo-del-futbol-en-un-acto-organizado-por-nsn-y-stoneweg\/#primaryimage"},"thumbnailUrl":"https:\/\/www.wearensn.com\/wp-content\/uploads\/2024\/10\/Fresh-News_Portada.jpg","datePublished":"2024-10-09T14:37:57+00:00","dateModified":"2024-10-09T14:42:48+00:00","description":"Andr\u00e9s Iniesta ha comunicado cu\u00e1les ser\u00e1n sus pasos tras dejar el f\u00fatbol profesional en un evento producido por NSN y Stoneweg en el centro America\u2019s Cup Experience junto a amigos, familiares y excompa\u00f1eros.","breadcrumb":{"@id":"https:\/\/www.wearensn.com\/es\/andres-iniesta-anuncia-su-futuro-en-el-mundo-del-futbol-en-un-acto-organizado-por-nsn-y-stoneweg\/#breadcrumb"},"inLanguage":"es","potentialAction":[{"@type":"ReadAction","target":["https:\/\/www.wearensn.com\/es\/andres-iniesta-anuncia-su-futuro-en-el-mundo-del-futbol-en-un-acto-organizado-por-nsn-y-stoneweg\/"]}]},{"@type":"ImageObject","inLanguage":"es","@id":"https:\/\/www.wearensn.com\/es\/andres-iniesta-anuncia-su-futuro-en-el-mundo-del-futbol-en-un-acto-organizado-por-nsn-y-stoneweg\/#primaryimage","url":"https:\/\/www.wearensn.com\/wp-content\/uploads\/2024\/10\/Fresh-News_Portada.jpg","contentUrl":"https:\/\/www.wearensn.com\/wp-content\/uploads\/2024\/10\/Fresh-News_Portada.jpg","width":650,"height":470},{"@type":"BreadcrumbList","@id":"https:\/\/www.wearensn.com\/es\/andres-iniesta-anuncia-su-futuro-en-el-mundo-del-futbol-en-un-acto-organizado-por-nsn-y-stoneweg\/#breadcrumb","itemListElement":[{"@type":"ListItem","position":1,"name":"Home","item":"https:\/\/www.wearensn.com\/es\/home\/"},{"@type":"ListItem","position":2,"name":"Andr\u00e9s Iniesta anuncia su futuro en el mundo del f\u00fatbol en un acto organizado por NSN y Stoneweg"}]},{"@type":"WebSite","@id":"https:\/\/www.wearensn.com\/es\/#website","url":"https:\/\/www.wearensn.com\/es\/","name":"We Are NSN","description":"Sports &amp; Entertainment","publisher":{"@id":"https:\/\/www.wearensn.com\/es\/#organization"},"potentialAction":[{"@type":"SearchAction","target":{"@type":"EntryPoint","urlTemplate":"https:\/\/www.wearensn.com\/es\/?s={search_term_string}"},"query-input":{"@type":"PropertyValueSpecification","valueRequired":true,"valueName":"search_term_string"}}],"inLanguage":"es"},{"@type":"Organization","@id":"https:\/\/www.wearensn.com\/es\/#organization","name":"We Are NSN","url":"https:\/\/www.wearensn.com\/es\/","logo":{"@type":"ImageObject","inLanguage":"es","@id":"https:\/\/www.wearensn.com\/es\/#\/schema\/logo\/image\/","url":"https:\/\/www.wearensn.com\/wp-content\/uploads\/2023\/08\/cropped-Favicon-never-say-never.png","contentUrl":"https:\/\/www.wearensn.com\/wp-content\/uploads\/2023\/08\/cropped-Favicon-never-say-never.png","width":512,"height":512,"caption":"We Are NSN"},"image":{"@id":"https:\/\/www.wearensn.com\/es\/#\/schema\/logo\/image\/"}},{"@type":"Person","@id":"https:\/\/www.wearensn.com\/es\/#\/schema\/person\/ec9b85583f2ab426f24c3d44220ea7b4","name":"admin","image":{"@type":"ImageObject","inLanguage":"es","@id":"https:\/\/www.wearensn.com\/es\/#\/schema\/person\/image\/","url":"https:\/\/secure.gravatar.com\/avatar\/c5f0e1885a5e8b1905135a235b43a55295743b0046eb0eeb42d4df7a2ef37366?s=96&d=mm&r=g","contentUrl":"https:\/\/secure.gravatar.com\/avatar\/c5f0e1885a5e8b1905135a235b43a55295743b0046eb0eeb42d4df7a2ef37366?s=96&d=mm&r=g","caption":"admin"},"sameAs":["https:\/\/staging.wearensn.com"],"url":"https:\/\/www.wearensn.com\/es\/author\/staging_nsn\/"}]}},"_links":{"self":[{"href":"https:\/\/www.wearensn.com\/es\/wp-json\/wp\/v2\/posts\/12205","targetHints":{"allow":["GET"]}}],"collection":[{"href":"https:\/\/www.wearensn.com\/es\/wp-json\/wp\/v2\/posts"}],"about":[{"href":"https:\/\/www.wearensn.com\/es\/wp-json\/wp\/v2\/types\/post"}],"author":[{"embeddable":true,"href":"https:\/\/www.wearensn.com\/es\/wp-json\/wp\/v2\/users\/1"}],"replies":[{"embeddable":true,"href":"https:\/\/www.wearensn.com\/es\/wp-json\/wp\/v2\/comments?post=12205"}],"version-history":[{"count":1,"href":"https:\/\/www.wearensn.com\/es\/wp-json\/wp\/v2\/posts\/12205\/revisions"}],"predecessor-version":[{"id":12206,"href":"https:\/\/www.wearensn.com\/es\/wp-json\/wp\/v2\/posts\/12205\/revisions\/12206"}],"wp:featuredmedia":[{"embeddable":true,"href":"https:\/\/www.wearensn.com\/es\/wp-json\/wp\/v2\/media\/12199"}],"wp:attachment":[{"href":"https:\/\/www.wearensn.com\/es\/wp-json\/wp\/v2\/media?parent=12205"}],"wp:term":[{"taxonomy":"category","embeddable":true,"href":"https:\/\/www.wearensn.com\/es\/wp-json\/wp\/v2\/categories?post=12205"},{"taxonomy":"post_tag","embeddable":true,"href":"https:\/\/www.wearensn.com\/es\/wp-json\/wp\/v2\/tags?post=12205"}],"curies":[{"name":"wp","href":"https:\/\/api.w.org\/{rel}","templated":true}]}}