{"id":11438,"date":"2024-08-01T08:02:00","date_gmt":"2024-08-01T08:02:00","guid":{"rendered":"https:\/\/www.wearensn.com\/la-primera-edicion-de-gravel-ground-aterriza-en-la-palma-de-la-mano-de-nsn\/"},"modified":"2024-08-01T08:05:48","modified_gmt":"2024-08-01T08:05:48","slug":"la-primera-edicion-de-gravel-ground-aterriza-en-la-palma-de-la-mano-de-nsn","status":"publish","type":"post","link":"https:\/\/www.wearensn.com\/es\/la-primera-edicion-de-gravel-ground-aterriza-en-la-palma-de-la-mano-de-nsn\/","title":{"rendered":"La primera edici\u00f3n de Gravel Ground aterriza en La Palma de la mano de NSN"},"content":{"rendered":"\n<p><em><em><em><em><em>NSN y El Cabildo de La Palma han organizado una experiencia de gravel que promete unir lo mejor del ciclismo con la gastronom\u00eda, la cultura y los paisajes de la Isla Bonita.<\/em><\/em><\/em><\/em><\/em><\/p>\n\n<p>Gravel Ground no es solo un evento de gravel. Es una experiencia \u00fanica que combina lo mejor de este deporte con la naturaleza, la gastronom\u00eda y la cultura de un lugar singular. El primer destino de Gravel Ground es la isla de La Palma, en las Islas Canarias (Espa\u00f1a), donde los amantes del ciclismo podr\u00e1n disfrutar de cuatro rutas distintas del 23 al 27 de octubre. La aventura que hemos organizado junto al Cabildo de La Palma, y que ha sido impulsada por nuestra venture GUAVA, promete vistas panor\u00e1micas, paisajes incre\u00edbles y un ambiente inigualable.<\/p>\n\n<p>Este enclave id\u00edlico ofrece una naturaleza salvaje en su estado m\u00e1s puro. Los itinerarios dise\u00f1ados para esta aventura llevar\u00e1n a los ciclistas a trav\u00e9s de selvas frondosas, volcanes impresionantes, playas paradis\u00edacas y noches estrelladas. Gravel Ground proporciona alojamientos en entornos remotos que permiten una conexi\u00f3n \u00edntima con la naturaleza, promoviendo la sostenibilidad y el respeto por el medio ambiente.<\/p>\n\n<p>Desde NSN estamos muy felices de poder crear una experiencia que es la comuni\u00f3n perfecta entre ciclismo, naturaleza y cultura. Una fusi\u00f3n apasionante de deporte y entretenimiento en un paisaje incre\u00edble. Durante cuatro d\u00edas, esta primera edici\u00f3n de Gravel Ground recorrer\u00e1 la Isla Bonita a trav\u00e9s de rutas que destacan lo mejor de este para\u00edso canario. Con esta aventura de gravel pretendemos demostrar que el ciclismo es mucho m\u00e1s que un deporte; es una forma de explorar nuevos caminos, de conectar con uno mismo y con la naturaleza, y de enfrentar retos desconocidos.<\/p>\n\n<p>Para m\u00e1s informaci\u00f3n, visita la p\u00e1gina web de Gravel Ground: <a href=\"https:\/\/www.gravelground.cc\/\" target=\"_blank\" rel=\"noreferrer noopener\">www.gravelground.cc<\/a><\/p>\n","protected":false},"excerpt":{"rendered":"<p>NSN y El Cabildo de La Palma han organizado una experiencia de gravel que promete unir lo mejor del ciclismo con la gastronom\u00eda, la cultura y los paisajes de la Isla Bonita. Gravel Ground no es solo un evento de gravel. Es una experiencia \u00fanica que combina lo mejor de este deporte con la naturaleza, [&hellip;]<\/p>\n","protected":false},"author":1,"featured_media":11435,"comment_status":"closed","ping_status":"closed","sticky":false,"template":"","format":"standard","meta":{"_acf_changed":false,"content-type":"","footnotes":""},"categories":[33],"tags":[],"class_list":["post-11438","post","type-post","status-publish","format-standard","has-post-thumbnail","hentry","category-live-experiences-es"],"acf":[],"yoast_head":"<!-- This site is optimized with the Yoast SEO plugin v27.1.1 - https:\/\/yoast.com\/product\/yoast-seo-wordpress\/ -->\n<title>La primera edici\u00f3n de Gravel Ground aterriza en La Palma de la mano de NSN - We Are NSN<\/title>\n<meta name=\"description\" content=\"NSN y El Cabildo de La Palma han organizado una experiencia de gravel que promete unir lo mejor del ciclismo con la gastronom\u00eda, la cultura y los paisajes de la Isla Bonita.\" \/>\n<meta name=\"robots\" content=\"index, follow, max-snippet:-1, max-image-preview:large, max-video-preview:-1\" \/>\n<link rel=\"canonical\" href=\"https:\/\/www.wearensn.com\/es\/la-primera-edicion-de-gravel-ground-aterriza-en-la-palma-de-la-mano-de-nsn\/\" \/>\n<meta property=\"og:locale\" content=\"es_ES\" \/>\n<meta property=\"og:type\" content=\"article\" \/>\n<meta property=\"og:title\" content=\"La primera edici\u00f3n de Gravel Ground aterriza en La Palma de la mano de NSN - We Are NSN\" \/>\n<meta property=\"og:description\" content=\"NSN y El Cabildo de La Palma han organizado una experiencia de gravel que promete unir lo mejor del ciclismo con la gastronom\u00eda, la cultura y los paisajes de la Isla Bonita.\" \/>\n<meta property=\"og:url\" content=\"https:\/\/www.wearensn.com\/es\/la-primera-edicion-de-gravel-ground-aterriza-en-la-palma-de-la-mano-de-nsn\/\" \/>\n<meta property=\"og:site_name\" content=\"We Are NSN\" \/>\n<meta property=\"article:published_time\" content=\"2024-08-01T08:02:00+00:00\" \/>\n<meta property=\"article:modified_time\" content=\"2024-08-01T08:05:48+00:00\" \/>\n<meta property=\"og:image\" content=\"https:\/\/www.wearensn.com\/wp-content\/uploads\/2024\/08\/Fresh-News_Portada.png\" \/>\n\t<meta property=\"og:image:width\" content=\"650\" \/>\n\t<meta property=\"og:image:height\" content=\"470\" \/>\n\t<meta property=\"og:image:type\" content=\"image\/png\" \/>\n<meta name=\"author\" content=\"admin\" \/>\n<meta name=\"twitter:card\" content=\"summary_large_image\" \/>\n<meta name=\"twitter:label1\" content=\"Escrito por\" \/>\n\t<meta name=\"twitter:data1\" content=\"admin\" \/>\n\t<meta name=\"twitter:label2\" content=\"Tiempo de lectura\" \/>\n\t<meta name=\"twitter:data2\" content=\"2 minutos\" \/>\n<script type=\"application\/ld+json\" class=\"yoast-schema-graph\">{\"@context\":\"https:\/\/schema.org\",\"@graph\":[{\"@type\":\"Article\",\"@id\":\"https:\/\/www.wearensn.com\/es\/la-primera-edicion-de-gravel-ground-aterriza-en-la-palma-de-la-mano-de-nsn\/#article\",\"isPartOf\":{\"@id\":\"https:\/\/www.wearensn.com\/es\/la-primera-edicion-de-gravel-ground-aterriza-en-la-palma-de-la-mano-de-nsn\/\"},\"author\":{\"name\":\"admin\",\"@id\":\"https:\/\/www.wearensn.com\/es\/#\/schema\/person\/ec9b85583f2ab426f24c3d44220ea7b4\"},\"headline\":\"La primera edici\u00f3n de Gravel Ground aterriza en La Palma de la mano de NSN\",\"datePublished\":\"2024-08-01T08:02:00+00:00\",\"dateModified\":\"2024-08-01T08:05:48+00:00\",\"mainEntityOfPage\":{\"@id\":\"https:\/\/www.wearensn.com\/es\/la-primera-edicion-de-gravel-ground-aterriza-en-la-palma-de-la-mano-de-nsn\/\"},\"wordCount\":330,\"publisher\":{\"@id\":\"https:\/\/www.wearensn.com\/es\/#organization\"},\"image\":{\"@id\":\"https:\/\/www.wearensn.com\/es\/la-primera-edicion-de-gravel-ground-aterriza-en-la-palma-de-la-mano-de-nsn\/#primaryimage\"},\"thumbnailUrl\":\"https:\/\/www.wearensn.com\/wp-content\/uploads\/2024\/08\/Fresh-News_Portada.png\",\"articleSection\":[\"Live Experiences\"],\"inLanguage\":\"es\"},{\"@type\":\"WebPage\",\"@id\":\"https:\/\/www.wearensn.com\/es\/la-primera-edicion-de-gravel-ground-aterriza-en-la-palma-de-la-mano-de-nsn\/\",\"url\":\"https:\/\/www.wearensn.com\/es\/la-primera-edicion-de-gravel-ground-aterriza-en-la-palma-de-la-mano-de-nsn\/\",\"name\":\"La primera edici\u00f3n de Gravel Ground aterriza en La Palma de la mano de NSN - We Are NSN\",\"isPartOf\":{\"@id\":\"https:\/\/www.wearensn.com\/es\/#website\"},\"primaryImageOfPage\":{\"@id\":\"https:\/\/www.wearensn.com\/es\/la-primera-edicion-de-gravel-ground-aterriza-en-la-palma-de-la-mano-de-nsn\/#primaryimage\"},\"image\":{\"@id\":\"https:\/\/www.wearensn.com\/es\/la-primera-edicion-de-gravel-ground-aterriza-en-la-palma-de-la-mano-de-nsn\/#primaryimage\"},\"thumbnailUrl\":\"https:\/\/www.wearensn.com\/wp-content\/uploads\/2024\/08\/Fresh-News_Portada.png\",\"datePublished\":\"2024-08-01T08:02:00+00:00\",\"dateModified\":\"2024-08-01T08:05:48+00:00\",\"description\":\"NSN y El Cabildo de La Palma han organizado una experiencia de gravel que promete unir lo mejor del ciclismo con la gastronom\u00eda, la cultura y los paisajes de la Isla Bonita.\",\"breadcrumb\":{\"@id\":\"https:\/\/www.wearensn.com\/es\/la-primera-edicion-de-gravel-ground-aterriza-en-la-palma-de-la-mano-de-nsn\/#breadcrumb\"},\"inLanguage\":\"es\",\"potentialAction\":[{\"@type\":\"ReadAction\",\"target\":[\"https:\/\/www.wearensn.com\/es\/la-primera-edicion-de-gravel-ground-aterriza-en-la-palma-de-la-mano-de-nsn\/\"]}]},{\"@type\":\"ImageObject\",\"inLanguage\":\"es\",\"@id\":\"https:\/\/www.wearensn.com\/es\/la-primera-edicion-de-gravel-ground-aterriza-en-la-palma-de-la-mano-de-nsn\/#primaryimage\",\"url\":\"https:\/\/www.wearensn.com\/wp-content\/uploads\/2024\/08\/Fresh-News_Portada.png\",\"contentUrl\":\"https:\/\/www.wearensn.com\/wp-content\/uploads\/2024\/08\/Fresh-News_Portada.png\",\"width\":650,\"height\":470},{\"@type\":\"BreadcrumbList\",\"@id\":\"https:\/\/www.wearensn.com\/es\/la-primera-edicion-de-gravel-ground-aterriza-en-la-palma-de-la-mano-de-nsn\/#breadcrumb\",\"itemListElement\":[{\"@type\":\"ListItem\",\"position\":1,\"name\":\"Home\",\"item\":\"https:\/\/www.wearensn.com\/es\/home\/\"},{\"@type\":\"ListItem\",\"position\":2,\"name\":\"La primera edici\u00f3n de Gravel Ground aterriza en La Palma de la mano de NSN\"}]},{\"@type\":\"WebSite\",\"@id\":\"https:\/\/www.wearensn.com\/es\/#website\",\"url\":\"https:\/\/www.wearensn.com\/es\/\",\"name\":\"We Are NSN\",\"description\":\"Sports &amp; Entertainment\",\"publisher\":{\"@id\":\"https:\/\/www.wearensn.com\/es\/#organization\"},\"potentialAction\":[{\"@type\":\"SearchAction\",\"target\":{\"@type\":\"EntryPoint\",\"urlTemplate\":\"https:\/\/www.wearensn.com\/es\/?s={search_term_string}\"},\"query-input\":{\"@type\":\"PropertyValueSpecification\",\"valueRequired\":true,\"valueName\":\"search_term_string\"}}],\"inLanguage\":\"es\"},{\"@type\":\"Organization\",\"@id\":\"https:\/\/www.wearensn.com\/es\/#organization\",\"name\":\"We Are NSN\",\"url\":\"https:\/\/www.wearensn.com\/es\/\",\"logo\":{\"@type\":\"ImageObject\",\"inLanguage\":\"es\",\"@id\":\"https:\/\/www.wearensn.com\/es\/#\/schema\/logo\/image\/\",\"url\":\"https:\/\/www.wearensn.com\/wp-content\/uploads\/2023\/08\/cropped-Favicon-never-say-never.png\",\"contentUrl\":\"https:\/\/www.wearensn.com\/wp-content\/uploads\/2023\/08\/cropped-Favicon-never-say-never.png\",\"width\":512,\"height\":512,\"caption\":\"We Are NSN\"},\"image\":{\"@id\":\"https:\/\/www.wearensn.com\/es\/#\/schema\/logo\/image\/\"}},{\"@type\":\"Person\",\"@id\":\"https:\/\/www.wearensn.com\/es\/#\/schema\/person\/ec9b85583f2ab426f24c3d44220ea7b4\",\"name\":\"admin\",\"image\":{\"@type\":\"ImageObject\",\"inLanguage\":\"es\",\"@id\":\"https:\/\/www.wearensn.com\/es\/#\/schema\/person\/image\/\",\"url\":\"https:\/\/secure.gravatar.com\/avatar\/c5f0e1885a5e8b1905135a235b43a55295743b0046eb0eeb42d4df7a2ef37366?s=96&d=mm&r=g\",\"contentUrl\":\"https:\/\/secure.gravatar.com\/avatar\/c5f0e1885a5e8b1905135a235b43a55295743b0046eb0eeb42d4df7a2ef37366?s=96&d=mm&r=g\",\"caption\":\"admin\"},\"sameAs\":[\"https:\/\/staging.wearensn.com\"],\"url\":\"https:\/\/www.wearensn.com\/es\/author\/staging_nsn\/\"}]}<\/script>\n<!-- \/ Yoast SEO plugin. -->","yoast_head_json":{"title":"La primera edici\u00f3n de Gravel Ground aterriza en La Palma de la mano de NSN - We Are NSN","description":"NSN y El Cabildo de La Palma han organizado una experiencia de gravel que promete unir lo mejor del ciclismo con la gastronom\u00eda, la cultura y los paisajes de la Isla Bonita.","robots":{"index":"index","follow":"follow","max-snippet":"max-snippet:-1","max-image-preview":"max-image-preview:large","max-video-preview":"max-video-preview:-1"},"canonical":"https:\/\/www.wearensn.com\/es\/la-primera-edicion-de-gravel-ground-aterriza-en-la-palma-de-la-mano-de-nsn\/","og_locale":"es_ES","og_type":"article","og_title":"La primera edici\u00f3n de Gravel Ground aterriza en La Palma de la mano de NSN - We Are NSN","og_description":"NSN y El Cabildo de La Palma han organizado una experiencia de gravel que promete unir lo mejor del ciclismo con la gastronom\u00eda, la cultura y los paisajes de la Isla Bonita.","og_url":"https:\/\/www.wearensn.com\/es\/la-primera-edicion-de-gravel-ground-aterriza-en-la-palma-de-la-mano-de-nsn\/","og_site_name":"We Are NSN","article_published_time":"2024-08-01T08:02:00+00:00","article_modified_time":"2024-08-01T08:05:48+00:00","og_image":[{"width":650,"height":470,"url":"https:\/\/www.wearensn.com\/wp-content\/uploads\/2024\/08\/Fresh-News_Portada.png","type":"image\/png"}],"author":"admin","twitter_card":"summary_large_image","twitter_misc":{"Escrito por":"admin","Tiempo de lectura":"2 minutos"},"schema":{"@context":"https:\/\/schema.org","@graph":[{"@type":"Article","@id":"https:\/\/www.wearensn.com\/es\/la-primera-edicion-de-gravel-ground-aterriza-en-la-palma-de-la-mano-de-nsn\/#article","isPartOf":{"@id":"https:\/\/www.wearensn.com\/es\/la-primera-edicion-de-gravel-ground-aterriza-en-la-palma-de-la-mano-de-nsn\/"},"author":{"name":"admin","@id":"https:\/\/www.wearensn.com\/es\/#\/schema\/person\/ec9b85583f2ab426f24c3d44220ea7b4"},"headline":"La primera edici\u00f3n de Gravel Ground aterriza en La Palma de la mano de NSN","datePublished":"2024-08-01T08:02:00+00:00","dateModified":"2024-08-01T08:05:48+00:00","mainEntityOfPage":{"@id":"https:\/\/www.wearensn.com\/es\/la-primera-edicion-de-gravel-ground-aterriza-en-la-palma-de-la-mano-de-nsn\/"},"wordCount":330,"publisher":{"@id":"https:\/\/www.wearensn.com\/es\/#organization"},"image":{"@id":"https:\/\/www.wearensn.com\/es\/la-primera-edicion-de-gravel-ground-aterriza-en-la-palma-de-la-mano-de-nsn\/#primaryimage"},"thumbnailUrl":"https:\/\/www.wearensn.com\/wp-content\/uploads\/2024\/08\/Fresh-News_Portada.png","articleSection":["Live Experiences"],"inLanguage":"es"},{"@type":"WebPage","@id":"https:\/\/www.wearensn.com\/es\/la-primera-edicion-de-gravel-ground-aterriza-en-la-palma-de-la-mano-de-nsn\/","url":"https:\/\/www.wearensn.com\/es\/la-primera-edicion-de-gravel-ground-aterriza-en-la-palma-de-la-mano-de-nsn\/","name":"La primera edici\u00f3n de Gravel Ground aterriza en La Palma de la mano de NSN - We Are NSN","isPartOf":{"@id":"https:\/\/www.wearensn.com\/es\/#website"},"primaryImageOfPage":{"@id":"https:\/\/www.wearensn.com\/es\/la-primera-edicion-de-gravel-ground-aterriza-en-la-palma-de-la-mano-de-nsn\/#primaryimage"},"image":{"@id":"https:\/\/www.wearensn.com\/es\/la-primera-edicion-de-gravel-ground-aterriza-en-la-palma-de-la-mano-de-nsn\/#primaryimage"},"thumbnailUrl":"https:\/\/www.wearensn.com\/wp-content\/uploads\/2024\/08\/Fresh-News_Portada.png","datePublished":"2024-08-01T08:02:00+00:00","dateModified":"2024-08-01T08:05:48+00:00","description":"NSN y El Cabildo de La Palma han organizado una experiencia de gravel que promete unir lo mejor del ciclismo con la gastronom\u00eda, la cultura y los paisajes de la Isla Bonita.","breadcrumb":{"@id":"https:\/\/www.wearensn.com\/es\/la-primera-edicion-de-gravel-ground-aterriza-en-la-palma-de-la-mano-de-nsn\/#breadcrumb"},"inLanguage":"es","potentialAction":[{"@type":"ReadAction","target":["https:\/\/www.wearensn.com\/es\/la-primera-edicion-de-gravel-ground-aterriza-en-la-palma-de-la-mano-de-nsn\/"]}]},{"@type":"ImageObject","inLanguage":"es","@id":"https:\/\/www.wearensn.com\/es\/la-primera-edicion-de-gravel-ground-aterriza-en-la-palma-de-la-mano-de-nsn\/#primaryimage","url":"https:\/\/www.wearensn.com\/wp-content\/uploads\/2024\/08\/Fresh-News_Portada.png","contentUrl":"https:\/\/www.wearensn.com\/wp-content\/uploads\/2024\/08\/Fresh-News_Portada.png","width":650,"height":470},{"@type":"BreadcrumbList","@id":"https:\/\/www.wearensn.com\/es\/la-primera-edicion-de-gravel-ground-aterriza-en-la-palma-de-la-mano-de-nsn\/#breadcrumb","itemListElement":[{"@type":"ListItem","position":1,"name":"Home","item":"https:\/\/www.wearensn.com\/es\/home\/"},{"@type":"ListItem","position":2,"name":"La primera edici\u00f3n de Gravel Ground aterriza en La Palma de la mano de NSN"}]},{"@type":"WebSite","@id":"https:\/\/www.wearensn.com\/es\/#website","url":"https:\/\/www.wearensn.com\/es\/","name":"We Are NSN","description":"Sports &amp; Entertainment","publisher":{"@id":"https:\/\/www.wearensn.com\/es\/#organization"},"potentialAction":[{"@type":"SearchAction","target":{"@type":"EntryPoint","urlTemplate":"https:\/\/www.wearensn.com\/es\/?s={search_term_string}"},"query-input":{"@type":"PropertyValueSpecification","valueRequired":true,"valueName":"search_term_string"}}],"inLanguage":"es"},{"@type":"Organization","@id":"https:\/\/www.wearensn.com\/es\/#organization","name":"We Are NSN","url":"https:\/\/www.wearensn.com\/es\/","logo":{"@type":"ImageObject","inLanguage":"es","@id":"https:\/\/www.wearensn.com\/es\/#\/schema\/logo\/image\/","url":"https:\/\/www.wearensn.com\/wp-content\/uploads\/2023\/08\/cropped-Favicon-never-say-never.png","contentUrl":"https:\/\/www.wearensn.com\/wp-content\/uploads\/2023\/08\/cropped-Favicon-never-say-never.png","width":512,"height":512,"caption":"We Are NSN"},"image":{"@id":"https:\/\/www.wearensn.com\/es\/#\/schema\/logo\/image\/"}},{"@type":"Person","@id":"https:\/\/www.wearensn.com\/es\/#\/schema\/person\/ec9b85583f2ab426f24c3d44220ea7b4","name":"admin","image":{"@type":"ImageObject","inLanguage":"es","@id":"https:\/\/www.wearensn.com\/es\/#\/schema\/person\/image\/","url":"https:\/\/secure.gravatar.com\/avatar\/c5f0e1885a5e8b1905135a235b43a55295743b0046eb0eeb42d4df7a2ef37366?s=96&d=mm&r=g","contentUrl":"https:\/\/secure.gravatar.com\/avatar\/c5f0e1885a5e8b1905135a235b43a55295743b0046eb0eeb42d4df7a2ef37366?s=96&d=mm&r=g","caption":"admin"},"sameAs":["https:\/\/staging.wearensn.com"],"url":"https:\/\/www.wearensn.com\/es\/author\/staging_nsn\/"}]}},"_links":{"self":[{"href":"https:\/\/www.wearensn.com\/es\/wp-json\/wp\/v2\/posts\/11438","targetHints":{"allow":["GET"]}}],"collection":[{"href":"https:\/\/www.wearensn.com\/es\/wp-json\/wp\/v2\/posts"}],"about":[{"href":"https:\/\/www.wearensn.com\/es\/wp-json\/wp\/v2\/types\/post"}],"author":[{"embeddable":true,"href":"https:\/\/www.wearensn.com\/es\/wp-json\/wp\/v2\/users\/1"}],"replies":[{"embeddable":true,"href":"https:\/\/www.wearensn.com\/es\/wp-json\/wp\/v2\/comments?post=11438"}],"version-history":[{"count":1,"href":"https:\/\/www.wearensn.com\/es\/wp-json\/wp\/v2\/posts\/11438\/revisions"}],"predecessor-version":[{"id":11439,"href":"https:\/\/www.wearensn.com\/es\/wp-json\/wp\/v2\/posts\/11438\/revisions\/11439"}],"wp:featuredmedia":[{"embeddable":true,"href":"https:\/\/www.wearensn.com\/es\/wp-json\/wp\/v2\/media\/11435"}],"wp:attachment":[{"href":"https:\/\/www.wearensn.com\/es\/wp-json\/wp\/v2\/media?parent=11438"}],"wp:term":[{"taxonomy":"category","embeddable":true,"href":"https:\/\/www.wearensn.com\/es\/wp-json\/wp\/v2\/categories?post=11438"},{"taxonomy":"post_tag","embeddable":true,"href":"https:\/\/www.wearensn.com\/es\/wp-json\/wp\/v2\/tags?post=11438"}],"curies":[{"name":"wp","href":"https:\/\/api.w.org\/{rel}","templated":true}]}}