{"id":10749,"date":"2024-04-05T10:40:21","date_gmt":"2024-04-05T10:40:21","guid":{"rendered":"https:\/\/www.wearensn.com\/bojan-krkic-exjugador-del-fc-barcelona-y-actual-coordinador-del-area-de-futbol-del-club-cuenta-toda-su-experiencia-en-una-publicacion-donde-la-salud-mental-se-convierte-en-protagonista\/"},"modified":"2024-04-05T10:43:53","modified_gmt":"2024-04-05T10:43:53","slug":"bojan-krkic-exjugador-del-fc-barcelona-y-actual-coordinador-del-area-de-futbol-del-club-cuenta-toda-su-experiencia-en-una-publicacion-donde-la-salud-mental-se-convierte-en-protagonista","status":"publish","type":"post","link":"https:\/\/www.wearensn.com\/es\/bojan-krkic-exjugador-del-fc-barcelona-y-actual-coordinador-del-area-de-futbol-del-club-cuenta-toda-su-experiencia-en-una-publicacion-donde-la-salud-mental-se-convierte-en-protagonista\/","title":{"rendered":"El exfutbolista y coordinador del \u00e1rea de f\u00fatbol del Bar\u00e7a, Bojan Krki\u0107 publica su libro \u2018Controlar lo incontrolable\u2019 junto a NSN"},"content":{"rendered":"\n<p><em>Bojan Krki\u0107, exjugador del FC Barcelona y actual coordinador del \u00e1rea de f\u00fatbol del club, cuenta toda su experiencia en una publicaci\u00f3n donde la salud mental se convierte en protagonista. <\/em><\/p>\n\n<p>En NSN estamos de celebraci\u00f3n porque ya est\u00e1 a la venta el libro de nuestro amigo y exfutbolista, Bojan Krki\u0107, del que hemos formado parte. \u2018Controlar lo incontrolable\u2019 ya se encuentra en todas las librer\u00edas con Alienta Editorial en castellano y Columna Edicions en catal\u00e1n. En este libro podremos conocer al verdadero Bojan, un joven que entr\u00f3 a uno de los clubes m\u00e1s grandes de la historia con tan solo 16 a\u00f1os. El Bar\u00e7a era su sue\u00f1o, pero termin\u00f3 convirti\u00e9ndose en algo inabarcable, ya que la presi\u00f3n y la exigencia pudieron con \u00e9l. <\/p>\n\n<figure class=\"wp-block-image size-full\"><img fetchpriority=\"high\" decoding=\"async\" width=\"866\" height=\"626\" src=\"https:\/\/www.wearensn.com\/wp-content\/uploads\/2024\/04\/240405_Bojan-Book-Pres_IMG-1.jpg\" alt=\"\" class=\"wp-image-10737\" srcset=\"https:\/\/www.wearensn.com\/wp-content\/uploads\/2024\/04\/240405_Bojan-Book-Pres_IMG-1.jpg 866w, https:\/\/www.wearensn.com\/wp-content\/uploads\/2024\/04\/240405_Bojan-Book-Pres_IMG-1-300x217.jpg 300w, https:\/\/www.wearensn.com\/wp-content\/uploads\/2024\/04\/240405_Bojan-Book-Pres_IMG-1-768x555.jpg 768w\" sizes=\"(max-width: 866px) 100vw, 866px\" \/><\/figure>\n\n<p>En este libro, Krki\u0107 ampl\u00eda las vivencias que cont\u00f3 ya en el documental \u2018Bojan, m\u00e1s all\u00e1 de la sonrisa\u2019, tambi\u00e9n producido y guionizado por NSN. En ambas producciones el exdeportista profesional expone la importancia de cuidar la salud mental y visibilizarla. Su historia es tambi\u00e9n la de muchas otras personas que lidian d\u00eda a d\u00eda con la ansiedad. <\/p>\n\n<figure class=\"wp-block-image size-full\"><img decoding=\"async\" width=\"866\" height=\"626\" src=\"https:\/\/www.wearensn.com\/wp-content\/uploads\/2024\/04\/240405_Bojan-Book-Pres_IMG-2.jpg\" alt=\"\" class=\"wp-image-10740\" srcset=\"https:\/\/www.wearensn.com\/wp-content\/uploads\/2024\/04\/240405_Bojan-Book-Pres_IMG-2.jpg 866w, https:\/\/www.wearensn.com\/wp-content\/uploads\/2024\/04\/240405_Bojan-Book-Pres_IMG-2-300x217.jpg 300w, https:\/\/www.wearensn.com\/wp-content\/uploads\/2024\/04\/240405_Bojan-Book-Pres_IMG-2-768x555.jpg 768w\" sizes=\"(max-width: 866px) 100vw, 866px\" \/><\/figure>\n\n<p>El pasado jueves, presentamos el libro junto a su protagonista y los periodistas Jordi Bast\u00e9 y Marcos L\u00f3pez en la Antigua F\u00e1brica de Estrella Damm, donde los seguidores del exfutbolista y distintos medios de comunicaci\u00f3n pudieron conocer la historia de Bojan. Desde NSN nos enorgullece haber formado parte de un proyecto tan emocionante como la publicaci\u00f3n de este libro. El deporte es mucho m\u00e1s que deporte y esto es lo que hemos querido demostrar junto a Krki\u0107. <\/p>\n\n<figure class=\"wp-block-image size-full\"><img decoding=\"async\" width=\"866\" height=\"626\" src=\"https:\/\/www.wearensn.com\/wp-content\/uploads\/2024\/04\/240405_Bojan-Book-Pres_IMG-3.jpg\" alt=\"\" class=\"wp-image-10743\" srcset=\"https:\/\/www.wearensn.com\/wp-content\/uploads\/2024\/04\/240405_Bojan-Book-Pres_IMG-3.jpg 866w, https:\/\/www.wearensn.com\/wp-content\/uploads\/2024\/04\/240405_Bojan-Book-Pres_IMG-3-300x217.jpg 300w, https:\/\/www.wearensn.com\/wp-content\/uploads\/2024\/04\/240405_Bojan-Book-Pres_IMG-3-768x555.jpg 768w\" sizes=\"(max-width: 866px) 100vw, 866px\" \/><\/figure>\n","protected":false},"excerpt":{"rendered":"<p>Bojan Krki\u0107, exjugador del FC Barcelona y actual coordinador del \u00e1rea de f\u00fatbol del club, cuenta toda su experiencia en una publicaci\u00f3n donde la salud mental se convierte en protagonista. En NSN estamos de celebraci\u00f3n porque ya est\u00e1 a la venta el libro de nuestro amigo y exfutbolista, Bojan Krki\u0107, del que hemos formado parte. [&hellip;]<\/p>\n","protected":false},"author":1,"featured_media":10736,"comment_status":"closed","ping_status":"closed","sticky":false,"template":"","format":"standard","meta":{"_acf_changed":false,"content-type":"","footnotes":""},"categories":[34],"tags":[],"class_list":["post-10749","post","type-post","status-publish","format-standard","has-post-thumbnail","hentry","category-media-productions-es"],"acf":[],"yoast_head":"<!-- This site is optimized with the Yoast SEO plugin v27.1.1 - https:\/\/yoast.com\/product\/yoast-seo-wordpress\/ -->\n<title>El exfutbolista y coordinador del \u00e1rea de f\u00fatbol del Bar\u00e7a, Bojan Krki\u0107 publica su libro \u2018Controlar lo incontrolable\u2019 junto a NSN - We Are NSN<\/title>\n<meta name=\"description\" content=\"Bojan Krki\u0107, exjugador del FC Barcelona y actual coordinador del \u00e1rea de f\u00fatbol del club, cuenta toda su experiencia en una publicaci\u00f3n donde la salud mental se convierte en protagonista.\" \/>\n<meta name=\"robots\" content=\"index, follow, max-snippet:-1, max-image-preview:large, max-video-preview:-1\" \/>\n<link rel=\"canonical\" href=\"https:\/\/www.wearensn.com\/es\/bojan-krkic-exjugador-del-fc-barcelona-y-actual-coordinador-del-area-de-futbol-del-club-cuenta-toda-su-experiencia-en-una-publicacion-donde-la-salud-mental-se-convierte-en-protagonista\/\" \/>\n<meta property=\"og:locale\" content=\"es_ES\" \/>\n<meta property=\"og:type\" content=\"article\" \/>\n<meta property=\"og:title\" content=\"El exfutbolista y coordinador del \u00e1rea de f\u00fatbol del Bar\u00e7a, Bojan Krki\u0107 publica su libro \u2018Controlar lo incontrolable\u2019 junto a NSN - We Are NSN\" \/>\n<meta property=\"og:description\" content=\"Bojan Krki\u0107, exjugador del FC Barcelona y actual coordinador del \u00e1rea de f\u00fatbol del club, cuenta toda su experiencia en una publicaci\u00f3n donde la salud mental se convierte en protagonista.\" \/>\n<meta property=\"og:url\" content=\"https:\/\/www.wearensn.com\/es\/bojan-krkic-exjugador-del-fc-barcelona-y-actual-coordinador-del-area-de-futbol-del-club-cuenta-toda-su-experiencia-en-una-publicacion-donde-la-salud-mental-se-convierte-en-protagonista\/\" \/>\n<meta property=\"og:site_name\" content=\"We Are NSN\" \/>\n<meta property=\"article:published_time\" content=\"2024-04-05T10:40:21+00:00\" \/>\n<meta property=\"article:modified_time\" content=\"2024-04-05T10:43:53+00:00\" \/>\n<meta property=\"og:image\" content=\"https:\/\/www.wearensn.com\/wp-content\/uploads\/2024\/04\/240405_Bojan-Book-Pres_Cover.jpg\" \/>\n\t<meta property=\"og:image:width\" content=\"650\" \/>\n\t<meta property=\"og:image:height\" content=\"470\" \/>\n\t<meta property=\"og:image:type\" content=\"image\/jpeg\" \/>\n<meta name=\"author\" content=\"admin\" \/>\n<meta name=\"twitter:card\" content=\"summary_large_image\" \/>\n<meta name=\"twitter:label1\" content=\"Escrito por\" \/>\n\t<meta name=\"twitter:data1\" content=\"admin\" \/>\n\t<meta name=\"twitter:label2\" content=\"Tiempo de lectura\" \/>\n\t<meta name=\"twitter:data2\" content=\"1 minuto\" \/>\n<script type=\"application\/ld+json\" class=\"yoast-schema-graph\">{\"@context\":\"https:\/\/schema.org\",\"@graph\":[{\"@type\":\"Article\",\"@id\":\"https:\/\/www.wearensn.com\/es\/bojan-krkic-exjugador-del-fc-barcelona-y-actual-coordinador-del-area-de-futbol-del-club-cuenta-toda-su-experiencia-en-una-publicacion-donde-la-salud-mental-se-convierte-en-protagonista\/#article\",\"isPartOf\":{\"@id\":\"https:\/\/www.wearensn.com\/es\/bojan-krkic-exjugador-del-fc-barcelona-y-actual-coordinador-del-area-de-futbol-del-club-cuenta-toda-su-experiencia-en-una-publicacion-donde-la-salud-mental-se-convierte-en-protagonista\/\"},\"author\":{\"name\":\"admin\",\"@id\":\"https:\/\/www.wearensn.com\/es\/#\/schema\/person\/ec9b85583f2ab426f24c3d44220ea7b4\"},\"headline\":\"El exfutbolista y coordinador del \u00e1rea de f\u00fatbol del Bar\u00e7a, Bojan Krki\u0107 publica su libro \u2018Controlar lo incontrolable\u2019 junto a NSN\",\"datePublished\":\"2024-04-05T10:40:21+00:00\",\"dateModified\":\"2024-04-05T10:43:53+00:00\",\"mainEntityOfPage\":{\"@id\":\"https:\/\/www.wearensn.com\/es\/bojan-krkic-exjugador-del-fc-barcelona-y-actual-coordinador-del-area-de-futbol-del-club-cuenta-toda-su-experiencia-en-una-publicacion-donde-la-salud-mental-se-convierte-en-protagonista\/\"},\"wordCount\":302,\"publisher\":{\"@id\":\"https:\/\/www.wearensn.com\/es\/#organization\"},\"image\":{\"@id\":\"https:\/\/www.wearensn.com\/es\/bojan-krkic-exjugador-del-fc-barcelona-y-actual-coordinador-del-area-de-futbol-del-club-cuenta-toda-su-experiencia-en-una-publicacion-donde-la-salud-mental-se-convierte-en-protagonista\/#primaryimage\"},\"thumbnailUrl\":\"https:\/\/www.wearensn.com\/wp-content\/uploads\/2024\/04\/240405_Bojan-Book-Pres_Cover.jpg\",\"articleSection\":[\"Media Productions\"],\"inLanguage\":\"es\"},{\"@type\":\"WebPage\",\"@id\":\"https:\/\/www.wearensn.com\/es\/bojan-krkic-exjugador-del-fc-barcelona-y-actual-coordinador-del-area-de-futbol-del-club-cuenta-toda-su-experiencia-en-una-publicacion-donde-la-salud-mental-se-convierte-en-protagonista\/\",\"url\":\"https:\/\/www.wearensn.com\/es\/bojan-krkic-exjugador-del-fc-barcelona-y-actual-coordinador-del-area-de-futbol-del-club-cuenta-toda-su-experiencia-en-una-publicacion-donde-la-salud-mental-se-convierte-en-protagonista\/\",\"name\":\"El exfutbolista y coordinador del \u00e1rea de f\u00fatbol del Bar\u00e7a, Bojan Krki\u0107 publica su libro \u2018Controlar lo incontrolable\u2019 junto a NSN - We Are NSN\",\"isPartOf\":{\"@id\":\"https:\/\/www.wearensn.com\/es\/#website\"},\"primaryImageOfPage\":{\"@id\":\"https:\/\/www.wearensn.com\/es\/bojan-krkic-exjugador-del-fc-barcelona-y-actual-coordinador-del-area-de-futbol-del-club-cuenta-toda-su-experiencia-en-una-publicacion-donde-la-salud-mental-se-convierte-en-protagonista\/#primaryimage\"},\"image\":{\"@id\":\"https:\/\/www.wearensn.com\/es\/bojan-krkic-exjugador-del-fc-barcelona-y-actual-coordinador-del-area-de-futbol-del-club-cuenta-toda-su-experiencia-en-una-publicacion-donde-la-salud-mental-se-convierte-en-protagonista\/#primaryimage\"},\"thumbnailUrl\":\"https:\/\/www.wearensn.com\/wp-content\/uploads\/2024\/04\/240405_Bojan-Book-Pres_Cover.jpg\",\"datePublished\":\"2024-04-05T10:40:21+00:00\",\"dateModified\":\"2024-04-05T10:43:53+00:00\",\"description\":\"Bojan Krki\u0107, exjugador del FC Barcelona y actual coordinador del \u00e1rea de f\u00fatbol del club, cuenta toda su experiencia en una publicaci\u00f3n donde la salud mental se convierte en protagonista.\",\"breadcrumb\":{\"@id\":\"https:\/\/www.wearensn.com\/es\/bojan-krkic-exjugador-del-fc-barcelona-y-actual-coordinador-del-area-de-futbol-del-club-cuenta-toda-su-experiencia-en-una-publicacion-donde-la-salud-mental-se-convierte-en-protagonista\/#breadcrumb\"},\"inLanguage\":\"es\",\"potentialAction\":[{\"@type\":\"ReadAction\",\"target\":[\"https:\/\/www.wearensn.com\/es\/bojan-krkic-exjugador-del-fc-barcelona-y-actual-coordinador-del-area-de-futbol-del-club-cuenta-toda-su-experiencia-en-una-publicacion-donde-la-salud-mental-se-convierte-en-protagonista\/\"]}]},{\"@type\":\"ImageObject\",\"inLanguage\":\"es\",\"@id\":\"https:\/\/www.wearensn.com\/es\/bojan-krkic-exjugador-del-fc-barcelona-y-actual-coordinador-del-area-de-futbol-del-club-cuenta-toda-su-experiencia-en-una-publicacion-donde-la-salud-mental-se-convierte-en-protagonista\/#primaryimage\",\"url\":\"https:\/\/www.wearensn.com\/wp-content\/uploads\/2024\/04\/240405_Bojan-Book-Pres_Cover.jpg\",\"contentUrl\":\"https:\/\/www.wearensn.com\/wp-content\/uploads\/2024\/04\/240405_Bojan-Book-Pres_Cover.jpg\",\"width\":650,\"height\":470},{\"@type\":\"BreadcrumbList\",\"@id\":\"https:\/\/www.wearensn.com\/es\/bojan-krkic-exjugador-del-fc-barcelona-y-actual-coordinador-del-area-de-futbol-del-club-cuenta-toda-su-experiencia-en-una-publicacion-donde-la-salud-mental-se-convierte-en-protagonista\/#breadcrumb\",\"itemListElement\":[{\"@type\":\"ListItem\",\"position\":1,\"name\":\"Home\",\"item\":\"https:\/\/www.wearensn.com\/es\/home\/\"},{\"@type\":\"ListItem\",\"position\":2,\"name\":\"El exfutbolista y coordinador del \u00e1rea de f\u00fatbol del Bar\u00e7a, Bojan Krki\u0107 publica su libro \u2018Controlar lo incontrolable\u2019 junto a NSN\"}]},{\"@type\":\"WebSite\",\"@id\":\"https:\/\/www.wearensn.com\/es\/#website\",\"url\":\"https:\/\/www.wearensn.com\/es\/\",\"name\":\"We Are NSN\",\"description\":\"Sports &amp; Entertainment\",\"publisher\":{\"@id\":\"https:\/\/www.wearensn.com\/es\/#organization\"},\"potentialAction\":[{\"@type\":\"SearchAction\",\"target\":{\"@type\":\"EntryPoint\",\"urlTemplate\":\"https:\/\/www.wearensn.com\/es\/?s={search_term_string}\"},\"query-input\":{\"@type\":\"PropertyValueSpecification\",\"valueRequired\":true,\"valueName\":\"search_term_string\"}}],\"inLanguage\":\"es\"},{\"@type\":\"Organization\",\"@id\":\"https:\/\/www.wearensn.com\/es\/#organization\",\"name\":\"We Are NSN\",\"url\":\"https:\/\/www.wearensn.com\/es\/\",\"logo\":{\"@type\":\"ImageObject\",\"inLanguage\":\"es\",\"@id\":\"https:\/\/www.wearensn.com\/es\/#\/schema\/logo\/image\/\",\"url\":\"https:\/\/www.wearensn.com\/wp-content\/uploads\/2023\/08\/cropped-Favicon-never-say-never.png\",\"contentUrl\":\"https:\/\/www.wearensn.com\/wp-content\/uploads\/2023\/08\/cropped-Favicon-never-say-never.png\",\"width\":512,\"height\":512,\"caption\":\"We Are NSN\"},\"image\":{\"@id\":\"https:\/\/www.wearensn.com\/es\/#\/schema\/logo\/image\/\"}},{\"@type\":\"Person\",\"@id\":\"https:\/\/www.wearensn.com\/es\/#\/schema\/person\/ec9b85583f2ab426f24c3d44220ea7b4\",\"name\":\"admin\",\"image\":{\"@type\":\"ImageObject\",\"inLanguage\":\"es\",\"@id\":\"https:\/\/www.wearensn.com\/es\/#\/schema\/person\/image\/\",\"url\":\"https:\/\/secure.gravatar.com\/avatar\/c5f0e1885a5e8b1905135a235b43a55295743b0046eb0eeb42d4df7a2ef37366?s=96&d=mm&r=g\",\"contentUrl\":\"https:\/\/secure.gravatar.com\/avatar\/c5f0e1885a5e8b1905135a235b43a55295743b0046eb0eeb42d4df7a2ef37366?s=96&d=mm&r=g\",\"caption\":\"admin\"},\"sameAs\":[\"https:\/\/staging.wearensn.com\"],\"url\":\"https:\/\/www.wearensn.com\/es\/author\/staging_nsn\/\"}]}<\/script>\n<!-- \/ Yoast SEO plugin. -->","yoast_head_json":{"title":"El exfutbolista y coordinador del \u00e1rea de f\u00fatbol del Bar\u00e7a, Bojan Krki\u0107 publica su libro \u2018Controlar lo incontrolable\u2019 junto a NSN - We Are NSN","description":"Bojan Krki\u0107, exjugador del FC Barcelona y actual coordinador del \u00e1rea de f\u00fatbol del club, cuenta toda su experiencia en una publicaci\u00f3n donde la salud mental se convierte en protagonista.","robots":{"index":"index","follow":"follow","max-snippet":"max-snippet:-1","max-image-preview":"max-image-preview:large","max-video-preview":"max-video-preview:-1"},"canonical":"https:\/\/www.wearensn.com\/es\/bojan-krkic-exjugador-del-fc-barcelona-y-actual-coordinador-del-area-de-futbol-del-club-cuenta-toda-su-experiencia-en-una-publicacion-donde-la-salud-mental-se-convierte-en-protagonista\/","og_locale":"es_ES","og_type":"article","og_title":"El exfutbolista y coordinador del \u00e1rea de f\u00fatbol del Bar\u00e7a, Bojan Krki\u0107 publica su libro \u2018Controlar lo incontrolable\u2019 junto a NSN - We Are NSN","og_description":"Bojan Krki\u0107, exjugador del FC Barcelona y actual coordinador del \u00e1rea de f\u00fatbol del club, cuenta toda su experiencia en una publicaci\u00f3n donde la salud mental se convierte en protagonista.","og_url":"https:\/\/www.wearensn.com\/es\/bojan-krkic-exjugador-del-fc-barcelona-y-actual-coordinador-del-area-de-futbol-del-club-cuenta-toda-su-experiencia-en-una-publicacion-donde-la-salud-mental-se-convierte-en-protagonista\/","og_site_name":"We Are NSN","article_published_time":"2024-04-05T10:40:21+00:00","article_modified_time":"2024-04-05T10:43:53+00:00","og_image":[{"width":650,"height":470,"url":"https:\/\/www.wearensn.com\/wp-content\/uploads\/2024\/04\/240405_Bojan-Book-Pres_Cover.jpg","type":"image\/jpeg"}],"author":"admin","twitter_card":"summary_large_image","twitter_misc":{"Escrito por":"admin","Tiempo de lectura":"1 minuto"},"schema":{"@context":"https:\/\/schema.org","@graph":[{"@type":"Article","@id":"https:\/\/www.wearensn.com\/es\/bojan-krkic-exjugador-del-fc-barcelona-y-actual-coordinador-del-area-de-futbol-del-club-cuenta-toda-su-experiencia-en-una-publicacion-donde-la-salud-mental-se-convierte-en-protagonista\/#article","isPartOf":{"@id":"https:\/\/www.wearensn.com\/es\/bojan-krkic-exjugador-del-fc-barcelona-y-actual-coordinador-del-area-de-futbol-del-club-cuenta-toda-su-experiencia-en-una-publicacion-donde-la-salud-mental-se-convierte-en-protagonista\/"},"author":{"name":"admin","@id":"https:\/\/www.wearensn.com\/es\/#\/schema\/person\/ec9b85583f2ab426f24c3d44220ea7b4"},"headline":"El exfutbolista y coordinador del \u00e1rea de f\u00fatbol del Bar\u00e7a, Bojan Krki\u0107 publica su libro \u2018Controlar lo incontrolable\u2019 junto a NSN","datePublished":"2024-04-05T10:40:21+00:00","dateModified":"2024-04-05T10:43:53+00:00","mainEntityOfPage":{"@id":"https:\/\/www.wearensn.com\/es\/bojan-krkic-exjugador-del-fc-barcelona-y-actual-coordinador-del-area-de-futbol-del-club-cuenta-toda-su-experiencia-en-una-publicacion-donde-la-salud-mental-se-convierte-en-protagonista\/"},"wordCount":302,"publisher":{"@id":"https:\/\/www.wearensn.com\/es\/#organization"},"image":{"@id":"https:\/\/www.wearensn.com\/es\/bojan-krkic-exjugador-del-fc-barcelona-y-actual-coordinador-del-area-de-futbol-del-club-cuenta-toda-su-experiencia-en-una-publicacion-donde-la-salud-mental-se-convierte-en-protagonista\/#primaryimage"},"thumbnailUrl":"https:\/\/www.wearensn.com\/wp-content\/uploads\/2024\/04\/240405_Bojan-Book-Pres_Cover.jpg","articleSection":["Media Productions"],"inLanguage":"es"},{"@type":"WebPage","@id":"https:\/\/www.wearensn.com\/es\/bojan-krkic-exjugador-del-fc-barcelona-y-actual-coordinador-del-area-de-futbol-del-club-cuenta-toda-su-experiencia-en-una-publicacion-donde-la-salud-mental-se-convierte-en-protagonista\/","url":"https:\/\/www.wearensn.com\/es\/bojan-krkic-exjugador-del-fc-barcelona-y-actual-coordinador-del-area-de-futbol-del-club-cuenta-toda-su-experiencia-en-una-publicacion-donde-la-salud-mental-se-convierte-en-protagonista\/","name":"El exfutbolista y coordinador del \u00e1rea de f\u00fatbol del Bar\u00e7a, Bojan Krki\u0107 publica su libro \u2018Controlar lo incontrolable\u2019 junto a NSN - We Are NSN","isPartOf":{"@id":"https:\/\/www.wearensn.com\/es\/#website"},"primaryImageOfPage":{"@id":"https:\/\/www.wearensn.com\/es\/bojan-krkic-exjugador-del-fc-barcelona-y-actual-coordinador-del-area-de-futbol-del-club-cuenta-toda-su-experiencia-en-una-publicacion-donde-la-salud-mental-se-convierte-en-protagonista\/#primaryimage"},"image":{"@id":"https:\/\/www.wearensn.com\/es\/bojan-krkic-exjugador-del-fc-barcelona-y-actual-coordinador-del-area-de-futbol-del-club-cuenta-toda-su-experiencia-en-una-publicacion-donde-la-salud-mental-se-convierte-en-protagonista\/#primaryimage"},"thumbnailUrl":"https:\/\/www.wearensn.com\/wp-content\/uploads\/2024\/04\/240405_Bojan-Book-Pres_Cover.jpg","datePublished":"2024-04-05T10:40:21+00:00","dateModified":"2024-04-05T10:43:53+00:00","description":"Bojan Krki\u0107, exjugador del FC Barcelona y actual coordinador del \u00e1rea de f\u00fatbol del club, cuenta toda su experiencia en una publicaci\u00f3n donde la salud mental se convierte en protagonista.","breadcrumb":{"@id":"https:\/\/www.wearensn.com\/es\/bojan-krkic-exjugador-del-fc-barcelona-y-actual-coordinador-del-area-de-futbol-del-club-cuenta-toda-su-experiencia-en-una-publicacion-donde-la-salud-mental-se-convierte-en-protagonista\/#breadcrumb"},"inLanguage":"es","potentialAction":[{"@type":"ReadAction","target":["https:\/\/www.wearensn.com\/es\/bojan-krkic-exjugador-del-fc-barcelona-y-actual-coordinador-del-area-de-futbol-del-club-cuenta-toda-su-experiencia-en-una-publicacion-donde-la-salud-mental-se-convierte-en-protagonista\/"]}]},{"@type":"ImageObject","inLanguage":"es","@id":"https:\/\/www.wearensn.com\/es\/bojan-krkic-exjugador-del-fc-barcelona-y-actual-coordinador-del-area-de-futbol-del-club-cuenta-toda-su-experiencia-en-una-publicacion-donde-la-salud-mental-se-convierte-en-protagonista\/#primaryimage","url":"https:\/\/www.wearensn.com\/wp-content\/uploads\/2024\/04\/240405_Bojan-Book-Pres_Cover.jpg","contentUrl":"https:\/\/www.wearensn.com\/wp-content\/uploads\/2024\/04\/240405_Bojan-Book-Pres_Cover.jpg","width":650,"height":470},{"@type":"BreadcrumbList","@id":"https:\/\/www.wearensn.com\/es\/bojan-krkic-exjugador-del-fc-barcelona-y-actual-coordinador-del-area-de-futbol-del-club-cuenta-toda-su-experiencia-en-una-publicacion-donde-la-salud-mental-se-convierte-en-protagonista\/#breadcrumb","itemListElement":[{"@type":"ListItem","position":1,"name":"Home","item":"https:\/\/www.wearensn.com\/es\/home\/"},{"@type":"ListItem","position":2,"name":"El exfutbolista y coordinador del \u00e1rea de f\u00fatbol del Bar\u00e7a, Bojan Krki\u0107 publica su libro \u2018Controlar lo incontrolable\u2019 junto a NSN"}]},{"@type":"WebSite","@id":"https:\/\/www.wearensn.com\/es\/#website","url":"https:\/\/www.wearensn.com\/es\/","name":"We Are NSN","description":"Sports &amp; Entertainment","publisher":{"@id":"https:\/\/www.wearensn.com\/es\/#organization"},"potentialAction":[{"@type":"SearchAction","target":{"@type":"EntryPoint","urlTemplate":"https:\/\/www.wearensn.com\/es\/?s={search_term_string}"},"query-input":{"@type":"PropertyValueSpecification","valueRequired":true,"valueName":"search_term_string"}}],"inLanguage":"es"},{"@type":"Organization","@id":"https:\/\/www.wearensn.com\/es\/#organization","name":"We Are NSN","url":"https:\/\/www.wearensn.com\/es\/","logo":{"@type":"ImageObject","inLanguage":"es","@id":"https:\/\/www.wearensn.com\/es\/#\/schema\/logo\/image\/","url":"https:\/\/www.wearensn.com\/wp-content\/uploads\/2023\/08\/cropped-Favicon-never-say-never.png","contentUrl":"https:\/\/www.wearensn.com\/wp-content\/uploads\/2023\/08\/cropped-Favicon-never-say-never.png","width":512,"height":512,"caption":"We Are NSN"},"image":{"@id":"https:\/\/www.wearensn.com\/es\/#\/schema\/logo\/image\/"}},{"@type":"Person","@id":"https:\/\/www.wearensn.com\/es\/#\/schema\/person\/ec9b85583f2ab426f24c3d44220ea7b4","name":"admin","image":{"@type":"ImageObject","inLanguage":"es","@id":"https:\/\/www.wearensn.com\/es\/#\/schema\/person\/image\/","url":"https:\/\/secure.gravatar.com\/avatar\/c5f0e1885a5e8b1905135a235b43a55295743b0046eb0eeb42d4df7a2ef37366?s=96&d=mm&r=g","contentUrl":"https:\/\/secure.gravatar.com\/avatar\/c5f0e1885a5e8b1905135a235b43a55295743b0046eb0eeb42d4df7a2ef37366?s=96&d=mm&r=g","caption":"admin"},"sameAs":["https:\/\/staging.wearensn.com"],"url":"https:\/\/www.wearensn.com\/es\/author\/staging_nsn\/"}]}},"_links":{"self":[{"href":"https:\/\/www.wearensn.com\/es\/wp-json\/wp\/v2\/posts\/10749","targetHints":{"allow":["GET"]}}],"collection":[{"href":"https:\/\/www.wearensn.com\/es\/wp-json\/wp\/v2\/posts"}],"about":[{"href":"https:\/\/www.wearensn.com\/es\/wp-json\/wp\/v2\/types\/post"}],"author":[{"embeddable":true,"href":"https:\/\/www.wearensn.com\/es\/wp-json\/wp\/v2\/users\/1"}],"replies":[{"embeddable":true,"href":"https:\/\/www.wearensn.com\/es\/wp-json\/wp\/v2\/comments?post=10749"}],"version-history":[{"count":3,"href":"https:\/\/www.wearensn.com\/es\/wp-json\/wp\/v2\/posts\/10749\/revisions"}],"predecessor-version":[{"id":10752,"href":"https:\/\/www.wearensn.com\/es\/wp-json\/wp\/v2\/posts\/10749\/revisions\/10752"}],"wp:featuredmedia":[{"embeddable":true,"href":"https:\/\/www.wearensn.com\/es\/wp-json\/wp\/v2\/media\/10736"}],"wp:attachment":[{"href":"https:\/\/www.wearensn.com\/es\/wp-json\/wp\/v2\/media?parent=10749"}],"wp:term":[{"taxonomy":"category","embeddable":true,"href":"https:\/\/www.wearensn.com\/es\/wp-json\/wp\/v2\/categories?post=10749"},{"taxonomy":"post_tag","embeddable":true,"href":"https:\/\/www.wearensn.com\/es\/wp-json\/wp\/v2\/tags?post=10749"}],"curies":[{"name":"wp","href":"https:\/\/api.w.org\/{rel}","templated":true}]}}